{"id":56818,"date":"2023-06-15T11:55:32","date_gmt":"2023-06-15T11:55:32","guid":{"rendered":"http:\/\/noticiastres.com\/?p=56818"},"modified":"2023-12-07T18:24:13","modified_gmt":"2023-12-07T18:24:13","slug":"wado-encabeza-el-primer-acto-de-union-por-la-patria","status":"publish","type":"post","link":"https:\/\/noticiastres.com\/index.php\/2023\/06\/15\/wado-encabeza-el-primer-acto-de-union-por-la-patria\/","title":{"rendered":"UNI\u00d3N POR LA PATRIA: WADO DE PEDRO ENCABEZA EL PRIMER ACTO"},"content":{"rendered":"\n<p><strong>El ministro del Interior, Wado de Pedro, encabezar\u00e1, este jueves, el primer acto de Uni\u00f3n por la Patria; se llevar\u00e1 adelante en la Reserva Urbana, que pertenece al Municipio de Mor\u00f3n.<\/strong><\/p>\n\n\n\n<p>El cierre de listas tuvo como principal novedad el cambio de nombre para el \u201cFrente de Todos: <strong>el bloque oficialista fue renombrado como \u201cUni\u00f3n por la Patria\u201d, y ser\u00e1 el sello que tendr\u00e1 el Partido Justicialista para competir en las elecciones del 2023<\/strong>. Ante esto, uno de los posibles candidatos a presidente,<strong> Wado de Pedro, encabezar\u00e1 el primer acto del frente<\/strong>.<\/p>\n\n\n\n<p>Este jueves, desde las 16, e<strong>l ministro del Interior, junto a Mart\u00edn Insaurralde (jefe de Gabinete) y Lucas Ghi (intendente de Mor\u00f3n), visitar\u00e1 la Reserva Natural Urbana<\/strong>, ubicada en Castelar Sur. El acto contar\u00e1 con entrega de maquinaria y equipamiento, que fueron adquiridos a partir del programa Municipios de Pie.<\/p>\n\n\n\n<p>Sin embargo, no ser\u00e1 la \u00fanica actividad que tendr\u00e1n por delante: luego, <strong>ir\u00e1n para el Club Deportivo Mor\u00f3n<\/strong>, donde est\u00e1 pautado que se desarrolle el Plenario de la Militancia de Uni\u00f3n por la Patria. All\u00ed estar\u00e1n distintas organizaciones pol\u00edticas para estrenar el nuevo sello y <strong>contar\u00e1 con la presencia de Mart\u00edn Sabbatella<\/strong>, exintendente del Municipio, presidente del partido Nuevo Encuentro y, tambi\u00e9n, exdirector del AFSCA.<\/p>\n\n\n\n<figure class=\"wp-block-image size-full\"><img data-recalc-dims=\"1\" loading=\"lazy\" decoding=\"async\" width=\"640\" height=\"360\" src=\"https:\/\/i0.wp.com\/noticiastres.com\/wp-content\/uploads\/2023\/06\/647e160444d4c_900.jpg?resize=640%2C360&#038;ssl=1\" alt=\"\" class=\"wp-image-56819\" srcset=\"https:\/\/i0.wp.com\/noticiastres.com\/wp-content\/uploads\/2023\/06\/647e160444d4c_900.jpg?w=900&amp;ssl=1 900w, https:\/\/i0.wp.com\/noticiastres.com\/wp-content\/uploads\/2023\/06\/647e160444d4c_900.jpg?resize=300%2C169&amp;ssl=1 300w, https:\/\/i0.wp.com\/noticiastres.com\/wp-content\/uploads\/2023\/06\/647e160444d4c_900.jpg?resize=768%2C432&amp;ssl=1 768w, https:\/\/i0.wp.com\/noticiastres.com\/wp-content\/uploads\/2023\/06\/647e160444d4c_900.jpg?resize=696%2C391&amp;ssl=1 696w\" sizes=\"auto, (max-width: 640px) 100vw, 640px\" \/><\/figure>\n\n\n\n<p>A su vez,<a href=\"https:\/\/notioeste.com\/index.php\/2023\/06\/15\/cristina-fernandez-de-kirchner-hablara-en-rio-gallegos\/\" title=\" tambi\u00e9n hay expectativa con lo que diga Cristina Fern\u00e1ndez de Kirchner: este jueves\"> tambi\u00e9n hay expectativa con lo que diga <strong>Cristina Fern\u00e1ndez de Kirchner<\/strong>: este jueves<\/a>, d<strong>esde las 18, est\u00e1 pautado que, en R\u00edo Gallegos, la vicepresidenta hable en la inauguraci\u00f3n de la ampliaci\u00f3n del Hospital Regional de R\u00edo Gallegos<\/strong>. La exmandataria ser\u00e1 la oradora principal.<\/p>\n","protected":false},"excerpt":{"rendered":"<p>El ministro del Interior, Wado de Pedro, encabezar\u00e1, este jueves, el primer acto de Uni\u00f3n&#8230;<\/p>\n","protected":false},"author":20,"featured_media":56820,"comment_status":"open","ping_status":"open","sticky":false,"template":"","format":"standard","meta":{"_uf_show_specific_survey":0,"_uf_disable_surveys":false,"_jetpack_memberships_contains_paid_content":false,"footnotes":""},"categories":[15],"tags":[1909,454,2312,5381,2346],"class_list":["post-56818","post","type-post","status-publish","format-standard","has-post-thumbnail","hentry","category-politica-nacional","tag-cristina-fernandez-de-kirchner","tag-frente-de-todos","tag-moron-3","tag-union-por-la-patria-2","tag-wado-de-pedro"],"aioseo_notices":[],"jetpack_featured_media_url":"https:\/\/i0.wp.com\/noticiastres.com\/wp-content\/uploads\/2023\/06\/wado-la-bancaria-2jpeg.webp?fit=655%2C368&ssl=1","jetpack_sharing_enabled":true,"_links":{"self":[{"href":"https:\/\/noticiastres.com\/index.php\/wp-json\/wp\/v2\/posts\/56818","targetHints":{"allow":["GET"]}}],"collection":[{"href":"https:\/\/noticiastres.com\/index.php\/wp-json\/wp\/v2\/posts"}],"about":[{"href":"https:\/\/noticiastres.com\/index.php\/wp-json\/wp\/v2\/types\/post"}],"author":[{"embeddable":true,"href":"https:\/\/noticiastres.com\/index.php\/wp-json\/wp\/v2\/users\/20"}],"replies":[{"embeddable":true,"href":"https:\/\/noticiastres.com\/index.php\/wp-json\/wp\/v2\/comments?post=56818"}],"version-history":[{"count":3,"href":"https:\/\/noticiastres.com\/index.php\/wp-json\/wp\/v2\/posts\/56818\/revisions"}],"predecessor-version":[{"id":56824,"href":"https:\/\/noticiastres.com\/index.php\/wp-json\/wp\/v2\/posts\/56818\/revisions\/56824"}],"wp:featuredmedia":[{"embeddable":true,"href":"https:\/\/noticiastres.com\/index.php\/wp-json\/wp\/v2\/media\/56820"}],"wp:attachment":[{"href":"https:\/\/noticiastres.com\/index.php\/wp-json\/wp\/v2\/media?parent=56818"}],"wp:term":[{"taxonomy":"category","embeddable":true,"href":"https:\/\/noticiastres.com\/index.php\/wp-json\/wp\/v2\/categories?post=56818"},{"taxonomy":"post_tag","embeddable":true,"href":"https:\/\/noticiastres.com\/index.php\/wp-json\/wp\/v2\/tags?post=56818"}],"curies":[{"name":"wp","href":"https:\/\/api.w.org\/{rel}","templated":true}]}}