{"id":60584,"date":"2023-12-22T11:36:07","date_gmt":"2023-12-22T11:36:07","guid":{"rendered":"https:\/\/noticiastres.com\/?p=60584"},"modified":"2023-12-22T11:37:35","modified_gmt":"2023-12-22T11:37:35","slug":"merlo-gran-acuerdo-con-panaderos-y-carniceros","status":"publish","type":"post","link":"https:\/\/noticiastres.com\/index.php\/2023\/12\/22\/merlo-gran-acuerdo-con-panaderos-y-carniceros\/","title":{"rendered":"MERLO: GRAN ACUERDO CON PANADEROS Y CARNICEROS"},"content":{"rendered":"\n<p>El<strong> Centro Industrial de Panaderos de Merlo tuvo una reuni\u00f3n con <strong>el Intendente Gustavo Men\u00e9ndez <\/strong>para colaborar y sostener un congelamiento en los precios hasta fin de a\u00f1o<\/strong>, y ayudar a los trabajadores a sostener la inflaci\u00f3n, a causa del aumento indiscriminado de precios que lleva adelante el actual gobierno.\u00a0<\/p>\n\n\n\n<p>Por esta raz\u00f3n, hasta el 31 de diciembre se fij\u00f3\u00a0<strong>el kilo de pan en $1500<\/strong>\u00a0en m\u00e1s de 600 panader\u00edas de todo el distrito. Por otra parte,\u00a0<strong>los jubilados obtendr\u00e1n un<\/strong>\u00a0<strong>20% de descuento en las panader\u00edas<\/strong>.\u00a0 <\/p>\n\n\n\n<p>As\u00ed, el representante de panader\u00edas Mart\u00edn Pinto se\u00f1al\u00f3 que:\u00a0<em>\u201c<\/em><strong><em>firmamos un acuerdo con el Intendente, gracias al aporte que \u00e9l hace d\u00eda a d\u00eda y los controles que nos da en la calle, llegamos al acuerdo sugerido de $1500 el Kilo de pan\u201d.\u00a0<\/em><\/strong><\/p>\n\n\n\n<p>De igual forma, agreg\u00f3 que:\u00a0<strong><em>\u201cestuvimos hablando con Gustavo y seguimos trabajando, tenemos que estar del lado de la gente porque se vienen tiempos dif\u00edciles\u201d<\/em><\/strong>.\u00a0<\/p>\n\n\n\n<p>Por otra parte, el Intendente Gustavo Men\u00e9ndez, explic\u00f3 la jornada:\u00a0<strong><em>\u201cJusto cuando estaban a punto de anunciarse una suba en el precio del pan, no solamente logramos congelar esa suba, sino poner el pan en todo el distrito de Merlo, en las 600 panader\u00edas, a 1.500 pesos el kilo, garantizado hasta el 31 de diciembre, que es lo que hemos firmado hoy con el centro de panaderos\u201d<\/em>.\u00a0<\/strong><\/p>\n\n\n\n<p>Tambi\u00e9n, apoyar\u00e1n al bolsillo de los jubilados:<em>\u00a0<\/em><strong><em>\u201cCon el beneficio adicional de que todos los jubilados, con su carnet en la mano, puedan tener adicionalmente un 20% de descuento en la compra total que hagan en cada una de las panader\u00edas de Merlo\u201d,<\/em><\/strong>\u00a0cerr\u00f3 Men\u00e9ndez.\u00a0<\/p>\n\n\n\n<h2 class=\"wp-block-heading\"><span><i class=\"fas fa-arrow-right\"><\/i><\/span>ACUERDO CON CARNICER\u00cdAS MERLENSES <\/h2>\n\n\n\n<p>Con el objetivo principal de hacer frente a la fuerte devaluaci\u00f3n que lleva adelante el gobierno nacional,  se lleg\u00f3 a un acuerdo con algunas carnicer\u00edas para fijar el precio del kilo de asado en $4.500 hasta el pr\u00f3ximo 31 de diciembre. As\u00ed, los vecinos y vecinas pueden adquirir carne para las fiestas a precios accesibles. Para ello, tambi\u00e9n se firm\u00f3 un convenio con frigor\u00edficos merlenses, que son quienes proveen a las carnicer\u00edas.<\/p>\n\n\n\n<p>El intendente Gustavo Men\u00e9ndez, afirm\u00f3 que\u00a0<em>\u201cel corte de asado es un producto con el que el argentino est\u00e1 familiarizado. Por eso, nosotros buscamos que lo siga consumiendo y decidimos fijar el precio hasta fin de a\u00f1o, para abarcar las dos fiestas\u201d<\/em>.<\/p>\n\n\n\n<h2 class=\"wp-block-heading\"><span><i class=\"fas fa-arrow-right\"><\/i><\/span>CARNICERIAS QUE OFRECER\u00c1N EL BENEFICIO <\/h2>\n\n\n\n<p><strong>Barrio Arco Iris<\/strong><\/p>\n\n\n\n<ul class=\"wp-block-list\">\n<li>Carnicer\u00eda Bigote \u2013 Gaboto 437<\/li>\n<\/ul>\n\n\n\n<p><strong>Pontevedra<\/strong><\/p>\n\n\n\n<ul class=\"wp-block-list\">\n<li>Carnes Samy \u2013 Marcelo T. De Alvear 625<\/li>\n<\/ul>\n\n\n\n<p><strong>Merlo Centro<\/strong><\/p>\n\n\n\n<ul class=\"wp-block-list\">\n<li>Carnicer\u00eda Suipacha \u2013 Suipacha 680<\/li>\n<\/ul>\n\n\n\n<p><strong>Barrio Matera<\/strong><\/p>\n\n\n\n<ul class=\"wp-block-list\">\n<li>Carnicer\u00eda Los Nietos \u2013 Echeverry 1035<\/li>\n<\/ul>\n\n\n\n<p><strong>Parque San Mart\u00edn<\/strong><\/p>\n\n\n\n<ul class=\"wp-block-list\">\n<li>Carnicer\u00eda La Esperanza \u2013 Guayaquil y Arist\u00f3bulo del Valle \/ Arist\u00f3bulo del Valle y Joaqu\u00edn V. G\u00f3nzalez \/ Almirante Brown y Juli\u00e1n Castro.<\/li>\n\n\n\n<li>Carnes V\u00edctor \u2013 Av. San Mart\u00edn 3360<\/li>\n<\/ul>\n\n\n\n<p><strong>Barrio Samore<\/strong><\/p>\n\n\n\n<ul class=\"wp-block-list\">\n<li>Carnicer\u00eda La Esperanza \u2013 Bach y Freire.<\/li>\n<\/ul>\n\n\n\n<p><strong>Merlo Norte<\/strong><\/p>\n\n\n\n<ul class=\"wp-block-list\">\n<li>Carnicer\u00eda Mario \u2013 Hip\u00f3lito Yrigoyen 664.<\/li>\n\n\n\n<li>La Ferroviaria \u2013 Pte. H\u00e9ctor C\u00e1mpora 2271.<\/li>\n<\/ul>\n\n\n\n<p><strong>Pompeya<\/strong><\/p>\n\n\n\n<ul class=\"wp-block-list\">\n<li>Huellas del fog\u00f3n \u2013 Ricardo Balb\u00edn y Pirovano<\/li>\n<\/ul>\n\n\n\n<p>TAMBI\u00c9N TE PUEDE INTERESAR: <a href=\"https:\/\/noticiastres.com\/index.php\/2023\/12\/21\/papa-noel-paso-por-merlo-y-recibio-cartitas-navidenas\/\" title=\"PAP\u00c1 NOEL PAS\u00d3 POR MERLO Y RECIBI\u00d3 CARTITAS NAVIDE\u00d1AS\">PAP\u00c1 NOEL PAS\u00d3 POR MERLO Y RECIBI\u00d3 CARTITAS NAVIDE\u00d1AS<\/a><\/p>\n","protected":false},"excerpt":{"rendered":"<p>El Centro Industrial de Panaderos de Merlo tuvo una reuni\u00f3n con el Intendente Gustavo Men\u00e9ndez&#8230;<\/p>\n","protected":false},"author":20,"featured_media":60587,"comment_status":"closed","ping_status":"closed","sticky":false,"template":"","format":"standard","meta":{"_uf_show_specific_survey":0,"_uf_disable_surveys":false,"_jetpack_memberships_contains_paid_content":false,"footnotes":""},"categories":[6120],"tags":[6224,6225,6226,6223],"class_list":["post-60584","post","type-post","status-publish","format-standard","has-post-thumbnail","hentry","category-merlo-superior","tag-carnicerias","tag-centro-industrial-de-panaderos","tag-frigorificos","tag-panaderias"],"aioseo_notices":[],"jetpack_featured_media_url":"https:\/\/i0.wp.com\/noticiastres.com\/wp-content\/uploads\/2023\/12\/Receta-recetas-locos-x-la-parrilla-locosxlaparrilla-pan-pan-casero-3-580x477-1.jpg?fit=580%2C477&ssl=1","jetpack_sharing_enabled":true,"_links":{"self":[{"href":"https:\/\/noticiastres.com\/index.php\/wp-json\/wp\/v2\/posts\/60584","targetHints":{"allow":["GET"]}}],"collection":[{"href":"https:\/\/noticiastres.com\/index.php\/wp-json\/wp\/v2\/posts"}],"about":[{"href":"https:\/\/noticiastres.com\/index.php\/wp-json\/wp\/v2\/types\/post"}],"author":[{"embeddable":true,"href":"https:\/\/noticiastres.com\/index.php\/wp-json\/wp\/v2\/users\/20"}],"replies":[{"embeddable":true,"href":"https:\/\/noticiastres.com\/index.php\/wp-json\/wp\/v2\/comments?post=60584"}],"version-history":[{"count":1,"href":"https:\/\/noticiastres.com\/index.php\/wp-json\/wp\/v2\/posts\/60584\/revisions"}],"predecessor-version":[{"id":60586,"href":"https:\/\/noticiastres.com\/index.php\/wp-json\/wp\/v2\/posts\/60584\/revisions\/60586"}],"wp:featuredmedia":[{"embeddable":true,"href":"https:\/\/noticiastres.com\/index.php\/wp-json\/wp\/v2\/media\/60587"}],"wp:attachment":[{"href":"https:\/\/noticiastres.com\/index.php\/wp-json\/wp\/v2\/media?parent=60584"}],"wp:term":[{"taxonomy":"category","embeddable":true,"href":"https:\/\/noticiastres.com\/index.php\/wp-json\/wp\/v2\/categories?post=60584"},{"taxonomy":"post_tag","embeddable":true,"href":"https:\/\/noticiastres.com\/index.php\/wp-json\/wp\/v2\/tags?post=60584"}],"curies":[{"name":"wp","href":"https:\/\/api.w.org\/{rel}","templated":true}]}}