{"id":61141,"date":"2024-04-08T15:00:05","date_gmt":"2024-04-08T15:00:05","guid":{"rendered":"https:\/\/noticiastres.com\/?p=61141"},"modified":"2024-04-08T15:00:06","modified_gmt":"2024-04-08T15:00:06","slug":"soos-le-pide-a-milei-que-de-marcha-atras-con-los-despidos-en-merlo","status":"publish","type":"post","link":"https:\/\/noticiastres.com\/index.php\/2024\/04\/08\/soos-le-pide-a-milei-que-de-marcha-atras-con-los-despidos-en-merlo\/","title":{"rendered":"SOOS LE PIDE A MILEI &#8220;QUE DE MARCHA ATR\u00c1S CON LOS DESPIDOS&#8221; EN MERLO"},"content":{"rendered":"\n<h2 class=\"wp-block-heading\"><span><i class=\"fas fa-arrow-right\"><\/i><\/span>Tras los m\u00e1s de 15 mil despidos oficializados por el\u00a0Gobierno nacional de Javier Milei\u00a0en la\u00a0administraci\u00f3n p\u00fablica, el\u00a0senador de Uni\u00f3n por la Patria,\u00a0Gustavo Soos, present\u00f3 varios proyectos en la\u00a0Legislatura bonaerense\u00a0para manifestar su \u201crepudio\u201d por las desvinculaciones en las oficinas del\u00a0ANSES\u00a0y de la\u00a0Agencia Nacional de Discapacidad, con asiento en\u00a0Merlo. <\/h2>\n\n\n\n<p>El senador bonaerense, Gustavo Soos, remarc\u00f3 sobre los despidos y el cierre de la Unidad de Atenci\u00f3n Integral (UDAI), dependiente de la ANSES que&nbsp;<em>\u201cafectar\u00e1n la calidad de la atenci\u00f3n y obligaran a los vecinos de Merlo a gastar m\u00e1s tiempo y dinero en los traslados para realizar sus tr\u00e1mites de la Seguridad Social\u201d<\/em>.<\/p>\n\n\n\n<p>De esta manera, el&nbsp;senador bonaerense de la Primera secci\u00f3n electoral&nbsp;tambi\u00e9n le solicit\u00f3 al Gobierno nacional que&nbsp;<strong>\u201c<\/strong><em><strong>d\u00e9 marcha atr\u00e1s con los despidos y normalice la atenci\u00f3n de la&nbsp;UDAI&nbsp;de la localidad de Libertad, en&nbsp;Merlo<\/strong>\u201d<\/em>, por su graves consecuencias en la poblaci\u00f3n.<\/p>\n\n\n\n<p>Cabe destacar que, las oficinas de&nbsp;<strong>UDAI ANSES&nbsp;<\/strong>en el barrio \u2018<strong>El Molino\u2019<\/strong>&nbsp;<strong>de Libertad<\/strong>, fueron inauguradas en febrero de 2023 para descomprimir y agilizar la atenci\u00f3n de los vecinos, teniendo en cuenta la gran cantidad de habitantes y el extenso territorio del&nbsp;<strong>Partido de Merlo<\/strong>.<\/p>\n\n\n\n<p>\u201c<strong>Con los m\u00faltiples despidos de trabajadoras y trabajadores se vio interrumpida la atenci\u00f3n a todas y todos los vecinos que hoy se encuentran reclamando por el eventual cierre que se acontece de continuar la pol\u00edtica de ajuste y despidos<\/strong>\u201d, indic\u00f3&nbsp;<strong>Soos&nbsp;<\/strong>en los considerandos de uno de sus proyectos.<\/p>\n\n\n\n<p>En esa direcci\u00f3n, el&nbsp;<strong>delegado de la Asociaci\u00f3n Trabajadores del Estado<\/strong>&nbsp;(<strong>ATE<\/strong>) de&nbsp;<strong>ANSES Merlo<\/strong>,&nbsp;<strong>Walter Beltr\u00e1n<\/strong>, indic\u00f3 que los despidos en las oficinas del municipio bonaerense superan los 25 trabajadores. \u201cCon el cierre total de la oficina&nbsp;<strong>UDAI ANSES<\/strong>&nbsp;de&nbsp;<strong>Libertad<\/strong>, quedan m\u00e1s trabajadores en la calle y m\u00e1s de 250 mil beneficiarios de la zona que no van a poder tramitar las presentaciones de&nbsp;<strong>ANSES&nbsp;<\/strong>cerca de su casa\u201d, indic\u00f3.<\/p>\n","protected":false},"excerpt":{"rendered":"<p>Tras los m\u00e1s de 15 mil despidos oficializados por el\u00a0Gobierno nacional de Javier Milei\u00a0en la\u00a0administraci\u00f3n&#8230;<\/p>\n","protected":false},"author":17,"featured_media":61142,"comment_status":"closed","ping_status":"closed","sticky":false,"template":"","format":"standard","meta":{"_uf_show_specific_survey":0,"_uf_disable_surveys":false,"_jetpack_memberships_contains_paid_content":false,"footnotes":""},"categories":[6123],"tags":[6368,6369,3163,123,382,582,3642],"class_list":["post-61141","post","type-post","status-publish","format-standard","has-post-thumbnail","hentry","category-politica-merlo","tag-anse","tag-despidos","tag-gustavo-soos","tag-libertad","tag-municipalidad-de-merlo","tag-provincia-de-buenos-aires","tag-senado"],"aioseo_notices":[],"jetpack_featured_media_url":"https:\/\/i0.wp.com\/noticiastres.com\/wp-content\/uploads\/2024\/04\/soo.jpeg?fit=1500%2C1000&ssl=1","jetpack_sharing_enabled":true,"_links":{"self":[{"href":"https:\/\/noticiastres.com\/index.php\/wp-json\/wp\/v2\/posts\/61141","targetHints":{"allow":["GET"]}}],"collection":[{"href":"https:\/\/noticiastres.com\/index.php\/wp-json\/wp\/v2\/posts"}],"about":[{"href":"https:\/\/noticiastres.com\/index.php\/wp-json\/wp\/v2\/types\/post"}],"author":[{"embeddable":true,"href":"https:\/\/noticiastres.com\/index.php\/wp-json\/wp\/v2\/users\/17"}],"replies":[{"embeddable":true,"href":"https:\/\/noticiastres.com\/index.php\/wp-json\/wp\/v2\/comments?post=61141"}],"version-history":[{"count":1,"href":"https:\/\/noticiastres.com\/index.php\/wp-json\/wp\/v2\/posts\/61141\/revisions"}],"predecessor-version":[{"id":61143,"href":"https:\/\/noticiastres.com\/index.php\/wp-json\/wp\/v2\/posts\/61141\/revisions\/61143"}],"wp:featuredmedia":[{"embeddable":true,"href":"https:\/\/noticiastres.com\/index.php\/wp-json\/wp\/v2\/media\/61142"}],"wp:attachment":[{"href":"https:\/\/noticiastres.com\/index.php\/wp-json\/wp\/v2\/media?parent=61141"}],"wp:term":[{"taxonomy":"category","embeddable":true,"href":"https:\/\/noticiastres.com\/index.php\/wp-json\/wp\/v2\/categories?post=61141"},{"taxonomy":"post_tag","embeddable":true,"href":"https:\/\/noticiastres.com\/index.php\/wp-json\/wp\/v2\/tags?post=61141"}],"curies":[{"name":"wp","href":"https:\/\/api.w.org\/{rel}","templated":true}]}}