{"id":61175,"date":"2024-04-09T20:23:45","date_gmt":"2024-04-09T20:23:45","guid":{"rendered":"https:\/\/noticiastres.com\/?p=61175"},"modified":"2024-04-09T20:23:47","modified_gmt":"2024-04-09T20:23:47","slug":"juanfer-es-baja-en-racing-por-copa-sudamericana","status":"publish","type":"post","link":"https:\/\/noticiastres.com\/index.php\/2024\/04\/09\/juanfer-es-baja-en-racing-por-copa-sudamericana\/","title":{"rendered":"JUANFER ES BAJA EN RACING POR COPA SUDAMERICANA"},"content":{"rendered":"\n<p><strong>JUANFER QUINTERO SER\u00c1 BAJA EN RACING<\/strong><\/p>\n\n\n\n<p><strong>El mediocampista colombiano, Juanfer Quintero, ser\u00e1 baja en Racing para el duelo con Red Bull Bragantino este mi\u00e9rcoles.<\/strong><\/p>\n\n\n\n<p>Este mi\u00e9rcoles Racing debe afrontar su segunda fecha de Copa Sudamericana. El equipo que conduce Gustavo Costas se encuentra levemente mermado, por las ausencias confirmadas de Baltasar Rodr\u00edguez, Juan Ignacio Nardoni y Gabriel Rojas. Ahora, se confirm\u00f3 que Juanfer Quintero tambi\u00e9n ser\u00e1 baja en Racing.<\/p>\n\n\n\n<p>El mediocampista qued\u00f3 desafectado por un problema de \u00edndole personal y, por esa raz\u00f3n, no formar\u00e1 parte del choque de este mi\u00e9rcoles. Es m\u00e1s, Juanfer ya se encuentra en Colombia para acompa\u00f1ar a su familia en el momento complejo que atraviesa. De todos modos, era posible que no formara parte del equipo titular, ya que lo quer\u00edan cuidar para el choque con Belgrano.<\/p>\n\n\n\n<p>Durante el mediod\u00eda de este mi\u00e9rcoles, el volante subi\u00f3 una historia en su cuenta personal de Instagram. All\u00ed pidi\u00f3, de suma urgencia, donantes de sangre. Sin embargo, no trascendi\u00f3 el nombre de la persona que lo necesita. El mismo Juanfer Quintero fue el que pidi\u00f3 suma discreci\u00f3n con el tema que lo aqueja. De esta forma, el cuerpo t\u00e9cnico decidi\u00f3 licenciar para el partido con el equipo brasile\u00f1o.<\/p>\n\n\n\n<p>Habr\u00e1 que ver si el jugador colombiano estar\u00e1 disponible para el choque del pr\u00f3ximo martes. A las 19.30, Racing deber\u00e1 visitar a Belgrano de C\u00f3rdoba con un solo objetivo: ganar y esperar resultados. La clasificaci\u00f3n es muy complicada y existe la posibilidad de quedarse eliminado, por primera vez desde que existe este formato. Por esa raz\u00f3n, la Acad\u00e9 necesita de todos sus jugadores, uno de ellos es Quintero, clave en este equipo.<\/p>\n\n\n\n<p>Mientras tanto, deber\u00e1 medirse con Red Bull Bragantino. El encuentro est\u00e1 pautado para este mi\u00e9rcoles a las 21.30. Racing llega al duelo con cuatro triunfos al hilo: ante San Mart\u00edn de Burzaco, Central C\u00f3rdoba de Santiago del Estero, Sportivo Luque\u00f1o y Lan\u00fas. Por ahora, debe seguir con esa racha para seguir con esperanzas en todos los frentes.<\/p>\n","protected":false},"excerpt":{"rendered":"<p>JUANFER QUINTERO SER\u00c1 BAJA EN RACING El mediocampista colombiano, Juanfer Quintero, ser\u00e1 baja en Racing&#8230;<\/p>\n","protected":false},"author":20,"featured_media":61176,"comment_status":"closed","ping_status":"closed","sticky":false,"template":"","format":"standard","meta":{"_uf_show_specific_survey":0,"_uf_disable_surveys":false,"_jetpack_memberships_contains_paid_content":false,"footnotes":""},"categories":[20],"tags":[6354,2905,5610,6376],"class_list":["post-61175","post","type-post","status-publish","format-standard","has-post-thumbnail","hentry","category-deportes-nacional","tag-copa-sudamericana","tag-racing","tag-racing-club","tag-sudamericana"],"aioseo_notices":[],"jetpack_featured_media_url":"https:\/\/i0.wp.com\/noticiastres.com\/wp-content\/uploads\/2024\/04\/Juan-Fernando-Quintero-es-nuevo-jugador-de-Racing.jpg?fit=1920%2C1080&ssl=1","jetpack_sharing_enabled":true,"_links":{"self":[{"href":"https:\/\/noticiastres.com\/index.php\/wp-json\/wp\/v2\/posts\/61175","targetHints":{"allow":["GET"]}}],"collection":[{"href":"https:\/\/noticiastres.com\/index.php\/wp-json\/wp\/v2\/posts"}],"about":[{"href":"https:\/\/noticiastres.com\/index.php\/wp-json\/wp\/v2\/types\/post"}],"author":[{"embeddable":true,"href":"https:\/\/noticiastres.com\/index.php\/wp-json\/wp\/v2\/users\/20"}],"replies":[{"embeddable":true,"href":"https:\/\/noticiastres.com\/index.php\/wp-json\/wp\/v2\/comments?post=61175"}],"version-history":[{"count":1,"href":"https:\/\/noticiastres.com\/index.php\/wp-json\/wp\/v2\/posts\/61175\/revisions"}],"predecessor-version":[{"id":61177,"href":"https:\/\/noticiastres.com\/index.php\/wp-json\/wp\/v2\/posts\/61175\/revisions\/61177"}],"wp:featuredmedia":[{"embeddable":true,"href":"https:\/\/noticiastres.com\/index.php\/wp-json\/wp\/v2\/media\/61176"}],"wp:attachment":[{"href":"https:\/\/noticiastres.com\/index.php\/wp-json\/wp\/v2\/media?parent=61175"}],"wp:term":[{"taxonomy":"category","embeddable":true,"href":"https:\/\/noticiastres.com\/index.php\/wp-json\/wp\/v2\/categories?post=61175"},{"taxonomy":"post_tag","embeddable":true,"href":"https:\/\/noticiastres.com\/index.php\/wp-json\/wp\/v2\/tags?post=61175"}],"curies":[{"name":"wp","href":"https:\/\/api.w.org\/{rel}","templated":true}]}}