{"id":61829,"date":"2024-06-03T13:03:01","date_gmt":"2024-06-03T13:03:01","guid":{"rendered":"https:\/\/noticiastres.com\/?p=61829"},"modified":"2024-06-03T13:03:35","modified_gmt":"2024-06-03T13:03:35","slug":"mes-internacional-del-orgullo-lgtbqi","status":"publish","type":"post","link":"https:\/\/noticiastres.com\/index.php\/2024\/06\/03\/mes-internacional-del-orgullo-lgtbqi\/","title":{"rendered":"MES INTERNACIONAL DEL ORGULLO LGTBQI+"},"content":{"rendered":"\n<h2 class=\"wp-block-heading\"><span><i class=\"fas fa-arrow-right\"><\/i><\/span>En junio se celebra el Mes del Orgullo, un momento para recordar con libertad las orientaciones sexuales e identidades de g\u00e9nero  <\/h2>\n\n\n\n<p>Este mes se eligi\u00f3  para rendir homenaje al levantamiento de Stonewall en junio de 1969 en la ciudad de Nueva York, evento que ocurri\u00f3 en el barrio&nbsp;de&nbsp;Greenwich Village contra una represi\u00f3n policial que persegu\u00eda a la comunidad&nbsp;LGBTQI+. &nbsp;Este evento marc\u00f3 un paso fundamental en la historia de la comunidad LGTBQI+.<\/p>\n\n\n\n<p>El 2 de julio de 1992 se realiz\u00f3 la primera&nbsp;<strong>Marcha del Orgullo Gay-L\u00e9sbico-Trans<\/strong>&nbsp;en Argentina. En ese momento, alrededor de 300 personas fueron parte de la movilizaci\u00f3n. Los participantes llevaban m\u00e1scaras de cart\u00f3n para evitar ser reconocidos. &#8220;Libertad, Igualdad, Diversidad&#8221; fue la consigna de esa primera Marcha que se despleg\u00f3 desde Plaza de Mayo hasta el Congreso de la Naci\u00f3n. <\/p>\n\n\n\n<p>Desde entonces, se realiza ininterrumpidamente, y se convirti\u00f3 en el acto p\u00fablico m\u00e1s importante de la comunidad l\u00e9sbica, gay, bisexual, travesti, transexual, transg\u00e9nero, intersex, queer y m\u00e1s disidencias para visibilizar los reclamos, las conquistas y el orgullo por la elecci\u00f3n de cada orientaci\u00f3n sexual, identidad y expresi\u00f3n de g\u00e9nero.<\/p>\n\n\n\n<figure class=\"wp-block-image size-large\"><img data-recalc-dims=\"1\" loading=\"lazy\" decoding=\"async\" width=\"640\" height=\"427\" src=\"https:\/\/i0.wp.com\/noticiastres.com\/wp-content\/uploads\/2024\/06\/pride-parade.jpg?resize=640%2C427&#038;ssl=1\" alt=\"\" class=\"wp-image-61832\" srcset=\"https:\/\/i0.wp.com\/noticiastres.com\/wp-content\/uploads\/2024\/06\/pride-parade.jpg?resize=1024%2C683&amp;ssl=1 1024w, https:\/\/i0.wp.com\/noticiastres.com\/wp-content\/uploads\/2024\/06\/pride-parade.jpg?resize=300%2C200&amp;ssl=1 300w, https:\/\/i0.wp.com\/noticiastres.com\/wp-content\/uploads\/2024\/06\/pride-parade.jpg?resize=768%2C512&amp;ssl=1 768w, https:\/\/i0.wp.com\/noticiastres.com\/wp-content\/uploads\/2024\/06\/pride-parade.jpg?resize=150%2C100&amp;ssl=1 150w, https:\/\/i0.wp.com\/noticiastres.com\/wp-content\/uploads\/2024\/06\/pride-parade.jpg?resize=696%2C464&amp;ssl=1 696w, https:\/\/i0.wp.com\/noticiastres.com\/wp-content\/uploads\/2024\/06\/pride-parade.jpg?resize=1068%2C712&amp;ssl=1 1068w, https:\/\/i0.wp.com\/noticiastres.com\/wp-content\/uploads\/2024\/06\/pride-parade.jpg?resize=630%2C420&amp;ssl=1 630w, https:\/\/i0.wp.com\/noticiastres.com\/wp-content\/uploads\/2024\/06\/pride-parade.jpg?w=1500&amp;ssl=1 1500w, https:\/\/i0.wp.com\/noticiastres.com\/wp-content\/uploads\/2024\/06\/pride-parade.jpg?w=1280&amp;ssl=1 1280w\" sizes=\"auto, (max-width: 640px) 100vw, 640px\" \/><\/figure>\n\n\n\n<p><strong>\u00bfQu\u00e9 significan las siglas de LGTBIQ+?<\/strong><\/p>\n\n\n\n<ul class=\"wp-block-list\">\n<li><strong>L &#8211; Lesbiana<\/strong>: Mujer que siente atracci\u00f3n sexual y afectiva por otras mujeres.<\/li>\n\n\n\n<li><strong>G &#8211; Gay<\/strong>: Hombre que siente atracci\u00f3n sexual y afectiva por otros hombres.<\/li>\n\n\n\n<li><strong>T &#8211; Trans<\/strong>: El t\u00e9rmino engloba las\u00a0identidades de g\u00e9nero que no coinciden con aquellas asignadas al nacer. Esta letra hace referencia a dos conceptos: transg\u00e9nero y transexual. Una persona transg\u00e9nero nace con unas caracter\u00edsticas f\u00edsicas que no se corresponden con el genero con el que se identifican. Las personas transexuales son personas transg\u00e9nero que han comenzado con un tratamiento hormonal o quir\u00fargico para comenzar o finalizar un cambio de sexo.<\/li>\n\n\n\n<li><strong>B &#8211; Bisexual<\/strong>: Persona que siente atracci\u00f3n sexual y afectiva hacia hombres y mujeres, indistintamente.<\/li>\n\n\n\n<li><strong>I &#8211; Intersexual<\/strong>: Persona que nace con caracter\u00edsticas f\u00edsicas de ambos g\u00e9neros.<\/li>\n\n\n\n<li><strong>Q &#8211; &#8216;Queer&#8217; o sin etiquetas<\/strong>: Personas que no se categorizan con las etiquetas tradicionales o aceptadas socialmente.<\/li>\n\n\n\n<li><strong>+ &#8211; Otras<\/strong>: Personas que no se engloban en ninguna de las definiciones anteriores.<\/li>\n\n\n\n<li><\/li>\n<\/ul>\n\n\n\n<p><\/p>\n","protected":false},"excerpt":{"rendered":"<p>En junio se celebra el Mes del Orgullo, un momento para recordar con libertad las&#8230;<\/p>\n","protected":false},"author":20,"featured_media":61830,"comment_status":"closed","ping_status":"closed","sticky":false,"template":"","format":"standard","meta":{"_uf_show_specific_survey":0,"_uf_disable_surveys":false,"_jetpack_memberships_contains_paid_content":false,"footnotes":""},"categories":[49],"tags":[2387,6558,6559],"class_list":["post-61829","post","type-post","status-publish","format-standard","has-post-thumbnail","hentry","category-sociedad-nacional","tag-lgbtiq","tag-marcha-del-orgullo","tag-pride-month"],"aioseo_notices":[],"jetpack_featured_media_url":"https:\/\/i0.wp.com\/noticiastres.com\/wp-content\/uploads\/2024\/06\/230625-pride-parade-nyc-jm-1408-b45d16.webp?fit=760%2C507&ssl=1","jetpack_sharing_enabled":true,"_links":{"self":[{"href":"https:\/\/noticiastres.com\/index.php\/wp-json\/wp\/v2\/posts\/61829","targetHints":{"allow":["GET"]}}],"collection":[{"href":"https:\/\/noticiastres.com\/index.php\/wp-json\/wp\/v2\/posts"}],"about":[{"href":"https:\/\/noticiastres.com\/index.php\/wp-json\/wp\/v2\/types\/post"}],"author":[{"embeddable":true,"href":"https:\/\/noticiastres.com\/index.php\/wp-json\/wp\/v2\/users\/20"}],"replies":[{"embeddable":true,"href":"https:\/\/noticiastres.com\/index.php\/wp-json\/wp\/v2\/comments?post=61829"}],"version-history":[{"count":2,"href":"https:\/\/noticiastres.com\/index.php\/wp-json\/wp\/v2\/posts\/61829\/revisions"}],"predecessor-version":[{"id":61834,"href":"https:\/\/noticiastres.com\/index.php\/wp-json\/wp\/v2\/posts\/61829\/revisions\/61834"}],"wp:featuredmedia":[{"embeddable":true,"href":"https:\/\/noticiastres.com\/index.php\/wp-json\/wp\/v2\/media\/61830"}],"wp:attachment":[{"href":"https:\/\/noticiastres.com\/index.php\/wp-json\/wp\/v2\/media?parent=61829"}],"wp:term":[{"taxonomy":"category","embeddable":true,"href":"https:\/\/noticiastres.com\/index.php\/wp-json\/wp\/v2\/categories?post=61829"},{"taxonomy":"post_tag","embeddable":true,"href":"https:\/\/noticiastres.com\/index.php\/wp-json\/wp\/v2\/tags?post=61829"}],"curies":[{"name":"wp","href":"https:\/\/api.w.org\/{rel}","templated":true}]}}