{"id":61864,"date":"2024-06-05T14:35:11","date_gmt":"2024-06-05T14:35:11","guid":{"rendered":"https:\/\/noticiastres.com\/?p=61864"},"modified":"2024-06-05T14:37:24","modified_gmt":"2024-06-05T14:37:24","slug":"denuncian-que-despediran-al-80-de-trabajadores-del-exministerio-de-mujeres","status":"publish","type":"post","link":"https:\/\/noticiastres.com\/index.php\/2024\/06\/05\/denuncian-que-despediran-al-80-de-trabajadores-del-exministerio-de-mujeres\/","title":{"rendered":"DENUNCIAN QUE DESPEDIR\u00c1N AL 80% DE TRABAJADORES DEL EXMINISTERIO DE MUJERES"},"content":{"rendered":"\n<p>A d\u00edas de la marcha Ni Una Menos, trabajadoras y trabajadores  del exMinisterio de Mujeres, G\u00e9neros y Diversidad se enfrentaron a la noticia de que este martes la subsecretaria del \u00e1rea, Claudia Barcia anunci\u00f3 \u201cel vaciamiento del \u00e1rea\u201d ya que &#8220;el pr\u00f3ximo 30 de junio el 80% de la planta de trabajadorxs ser\u00e1n despedidxs\u201d.<\/p>\n\n\n\n<p><em>\u201cA un d\u00eda del\u00a0<a href=\"https:\/\/somostelam.com.ar\/noticias\/sociedad\/movilizaciones-en-todo-el-pais-a-nueve-anos-del-surgimiento-del-ni-una-menos\/\">Ni Una Menos<\/a>\u00a0que volvi\u00f3 a llenar las calles de todo el pa\u00eds,\u00a0<strong>nos enteramos por directivxs de la Subsecretar\u00eda de Protecci\u00f3n contra la Violencia de G\u00e9nero del Ministerio de Justicia (ex MMGYD) que el pr\u00f3ximo 30 de junio el 80% de la planta de trabajadorxs ser\u00e1n despedidxs<\/strong>\u201d, <\/em> se inform\u00f3 desde la Secretar\u00eda de Comunicaci\u00f3n ex MinG\u00e9neros.<\/p>\n\n\n\n<p>\u201cNos encontramos con un vaciamiento total de las pol\u00edticas de prevenci\u00f3n de las violencias por motivos de g\u00e9nero, producto del brutal ajuste que el gobierno de Milei quiere seguir perpetuando en pos de la desaparici\u00f3n del Estado nacional y para profundizar su pol\u00edtica de confrontaci\u00f3n con las mujeres, LGBTI+ y los feminismos en general\u201d, destacaron. <\/p>\n\n\n\n<p>\u201cPor lo tanto,<strong>&nbsp;m\u00e1s de 500 personas quedar\u00e1n sin trabajo<\/strong>&nbsp;y, el \u00fanico \u00e1rea que ha quedado despu\u00e9s de la disoluci\u00f3n del Ministerio de Mujeres, G\u00e9neros y Diversidad de la Naci\u00f3n, quedar\u00eda en funcionamiento con unxs 100 trabajadorxs\u201d, continuaron.<\/p>\n\n\n\n<p> \u201cTranscurridos los primeros 5 meses de gobierno,\u00a0<strong>nos encontramos con un vaciamiento total de las pol\u00edticas de prevenci\u00f3n de las violencias por motivos de g\u00e9nero, producto del brutal ajuste que el gobierno de Milei quiere seguir perpetuando en pos de la desaparici\u00f3n del Estado nacional y para profundizar su pol\u00edtica de confrontaci\u00f3n con las mujeres, LGBTI+ y los feminismos en general<\/strong>\u201d, expres\u00f3 la secretaria de Comunicaci\u00f3n del exMinG\u00e9neros, Nani Smith.<\/p>\n\n\n\n<p><strong>Tambi\u00e9n te puede interesar:<\/strong><\/p>\n\n\n\n<p><a href=\"https:\/\/noticiastres.com\/index.php\/2024\/06\/05\/la-respuesta-de-menendez-por-la-entrega-de-alimentos\/\" title=\"LA RESPUESTA DE MEN\u00c9NDEZ POR LA ENTREGA DE ALIMENTOS\">LA RESPUESTA DE MEN\u00c9NDEZ POR LA ENTREGA DE ALIMENTOS<\/a><\/p>\n","protected":false},"excerpt":{"rendered":"<p>A d\u00edas de la marcha Ni Una Menos, trabajadoras y trabajadores del exMinisterio de Mujeres,&#8230;<\/p>\n","protected":false},"author":20,"featured_media":61867,"comment_status":"closed","ping_status":"closed","sticky":false,"template":"","format":"standard","meta":{"_uf_show_specific_survey":0,"_uf_disable_surveys":false,"_jetpack_memberships_contains_paid_content":false,"footnotes":""},"categories":[49],"tags":[6567,2184,3350],"class_list":["post-61864","post","type-post","status-publish","format-standard","has-post-thumbnail","hentry","category-sociedad-nacional","tag-exministerio-de-mujeres","tag-genero","tag-ni-una-menos"],"aioseo_notices":[],"jetpack_featured_media_url":"https:\/\/i0.wp.com\/noticiastres.com\/wp-content\/uploads\/2024\/06\/1717592849374-1.jpg?fit=1200%2C675&ssl=1","jetpack_sharing_enabled":true,"_links":{"self":[{"href":"https:\/\/noticiastres.com\/index.php\/wp-json\/wp\/v2\/posts\/61864","targetHints":{"allow":["GET"]}}],"collection":[{"href":"https:\/\/noticiastres.com\/index.php\/wp-json\/wp\/v2\/posts"}],"about":[{"href":"https:\/\/noticiastres.com\/index.php\/wp-json\/wp\/v2\/types\/post"}],"author":[{"embeddable":true,"href":"https:\/\/noticiastres.com\/index.php\/wp-json\/wp\/v2\/users\/20"}],"replies":[{"embeddable":true,"href":"https:\/\/noticiastres.com\/index.php\/wp-json\/wp\/v2\/comments?post=61864"}],"version-history":[{"count":1,"href":"https:\/\/noticiastres.com\/index.php\/wp-json\/wp\/v2\/posts\/61864\/revisions"}],"predecessor-version":[{"id":61866,"href":"https:\/\/noticiastres.com\/index.php\/wp-json\/wp\/v2\/posts\/61864\/revisions\/61866"}],"wp:featuredmedia":[{"embeddable":true,"href":"https:\/\/noticiastres.com\/index.php\/wp-json\/wp\/v2\/media\/61867"}],"wp:attachment":[{"href":"https:\/\/noticiastres.com\/index.php\/wp-json\/wp\/v2\/media?parent=61864"}],"wp:term":[{"taxonomy":"category","embeddable":true,"href":"https:\/\/noticiastres.com\/index.php\/wp-json\/wp\/v2\/categories?post=61864"},{"taxonomy":"post_tag","embeddable":true,"href":"https:\/\/noticiastres.com\/index.php\/wp-json\/wp\/v2\/tags?post=61864"}],"curies":[{"name":"wp","href":"https:\/\/api.w.org\/{rel}","templated":true}]}}