{"id":62802,"date":"2024-09-27T12:49:29","date_gmt":"2024-09-27T12:49:29","guid":{"rendered":"https:\/\/noticiastres.com\/?p=62802"},"modified":"2024-09-27T12:49:31","modified_gmt":"2024-09-27T12:49:31","slug":"gustavo-menendez-y-roxana-monzon-reunidos-con-el-embajador-del-papa-francisco","status":"publish","type":"post","link":"https:\/\/noticiastres.com\/index.php\/2024\/09\/27\/gustavo-menendez-y-roxana-monzon-reunidos-con-el-embajador-del-papa-francisco\/","title":{"rendered":"GUSTAVO MEN\u00c9NDEZ Y ROXANA MONZ\u00d3N, REUNIDOS CON EL EMBAJADOR DEL PAPA FRANCISCO"},"content":{"rendered":"\n<p><strong>El intendente de Merlo, Gustavo Men\u00e9ndez, y la diputada nacional, Roxana Monz\u00f3n, se reunieron con el embajador del Papa en Argentina.<\/strong><\/p>\n\n\n\n<p>El intendente de Merlo, Gustavo Men\u00e9ndez, y la diputada nacional, Roxana Monz\u00f3n, visitaron la sede del Nuncio Apost\u00f3lico en Buenos Aires. Tuvieron un encuentro con Monse\u00f1or Miroslaw Adamczyk, representante diplom\u00e1tico del Papa Francisco en la Argentina. El objetivo del encuentro fue dialogar sobre acciones locales, parlamentarias y eclesi\u00e1sticas que aporten en la construcci\u00f3n de una sociedad m\u00e1s justa y humana, tal como predica el Santo Padre.&nbsp;<\/p>\n\n\n\n<p>Al comenzar el encuentro, Men\u00e9ndez le transmiti\u00f3 al Nuncio su experiencia como impulsor del \u201cPacto de Padua\u201d. Fue una iniciativa que, en 2016, reuni\u00f3 a m\u00e1s de 2.000 jefes comunales de todo el pa\u00eds y de Am\u00e9rica Latina, para promover valores propuestos en la enc\u00edclica \u201cLaudato Si\u201d.&nbsp;<\/p>\n\n\n\n<figure class=\"wp-block-image size-large\"><img data-recalc-dims=\"1\" loading=\"lazy\" decoding=\"async\" width=\"640\" height=\"450\" src=\"https:\/\/i0.wp.com\/noticiastres.com\/wp-content\/uploads\/2024\/09\/Menendez-Monzon-y-Miroslaw-Adamczyk-11.jpeg?resize=640%2C450&#038;ssl=1\" alt=\"\" class=\"wp-image-62804\" srcset=\"https:\/\/i0.wp.com\/noticiastres.com\/wp-content\/uploads\/2024\/09\/Menendez-Monzon-y-Miroslaw-Adamczyk-11-scaled.jpeg?resize=1024%2C720&amp;ssl=1 1024w, https:\/\/i0.wp.com\/noticiastres.com\/wp-content\/uploads\/2024\/09\/Menendez-Monzon-y-Miroslaw-Adamczyk-11-scaled.jpeg?resize=300%2C211&amp;ssl=1 300w, https:\/\/i0.wp.com\/noticiastres.com\/wp-content\/uploads\/2024\/09\/Menendez-Monzon-y-Miroslaw-Adamczyk-11-scaled.jpeg?resize=768%2C540&amp;ssl=1 768w, https:\/\/i0.wp.com\/noticiastres.com\/wp-content\/uploads\/2024\/09\/Menendez-Monzon-y-Miroslaw-Adamczyk-11-scaled.jpeg?resize=1536%2C1080&amp;ssl=1 1536w, https:\/\/i0.wp.com\/noticiastres.com\/wp-content\/uploads\/2024\/09\/Menendez-Monzon-y-Miroslaw-Adamczyk-11-scaled.jpeg?resize=2048%2C1440&amp;ssl=1 2048w, https:\/\/i0.wp.com\/noticiastres.com\/wp-content\/uploads\/2024\/09\/Menendez-Monzon-y-Miroslaw-Adamczyk-11-scaled.jpeg?w=1280&amp;ssl=1 1280w, https:\/\/i0.wp.com\/noticiastres.com\/wp-content\/uploads\/2024\/09\/Menendez-Monzon-y-Miroslaw-Adamczyk-11-scaled.jpeg?w=1920&amp;ssl=1 1920w\" sizes=\"auto, (max-width: 640px) 100vw, 640px\" \/><\/figure>\n\n\n\n<p>En este sentido, destacaron la vigencia e importancia de los ejes propuestos en el Pacto &#8211; lucha contra el narcotr\u00e1fico, contra el hambre y la violencia de g\u00e9nero. Junto al cuidado de la \u201ccasa com\u00fan\u201d y defensa de la familia, coincidieron en la necesidad de ampliarlo teniendo en cuenta lo planteado en \u201cFratelli Tutti\u201d, texto publicado por el Papa en 2020.<\/p>\n\n\n\n<p>\u201cA pesar de que hoy quieren imponernos que lo importante es el individualismo, no debemos perder la esperanza. Tal como se\u00f1al\u00f3 recientemente Francisco ante los movimientos sociales, si seguimos insistiendo en la construcci\u00f3n comunitaria, tarde o temprano, las cosas cambiar\u00e1n para bien\u201d, destac\u00f3 Men\u00e9ndez.&nbsp;<\/p>\n\n\n\n<figure class=\"wp-block-image size-large\"><img data-recalc-dims=\"1\" loading=\"lazy\" decoding=\"async\" width=\"640\" height=\"426\" src=\"https:\/\/i0.wp.com\/noticiastres.com\/wp-content\/uploads\/2024\/09\/Menendez-Monzon-y-Miroslaw-Adamczyk-7.jpeg?resize=640%2C426&#038;ssl=1\" alt=\"\" class=\"wp-image-62805\" srcset=\"https:\/\/i0.wp.com\/noticiastres.com\/wp-content\/uploads\/2024\/09\/Menendez-Monzon-y-Miroslaw-Adamczyk-7-scaled.jpeg?resize=1024%2C682&amp;ssl=1 1024w, https:\/\/i0.wp.com\/noticiastres.com\/wp-content\/uploads\/2024\/09\/Menendez-Monzon-y-Miroslaw-Adamczyk-7-scaled.jpeg?resize=300%2C200&amp;ssl=1 300w, https:\/\/i0.wp.com\/noticiastres.com\/wp-content\/uploads\/2024\/09\/Menendez-Monzon-y-Miroslaw-Adamczyk-7-scaled.jpeg?resize=768%2C512&amp;ssl=1 768w, https:\/\/i0.wp.com\/noticiastres.com\/wp-content\/uploads\/2024\/09\/Menendez-Monzon-y-Miroslaw-Adamczyk-7-scaled.jpeg?resize=1536%2C1024&amp;ssl=1 1536w, https:\/\/i0.wp.com\/noticiastres.com\/wp-content\/uploads\/2024\/09\/Menendez-Monzon-y-Miroslaw-Adamczyk-7-scaled.jpeg?resize=2048%2C1365&amp;ssl=1 2048w, https:\/\/i0.wp.com\/noticiastres.com\/wp-content\/uploads\/2024\/09\/Menendez-Monzon-y-Miroslaw-Adamczyk-7-scaled.jpeg?w=1280&amp;ssl=1 1280w, https:\/\/i0.wp.com\/noticiastres.com\/wp-content\/uploads\/2024\/09\/Menendez-Monzon-y-Miroslaw-Adamczyk-7-scaled.jpeg?w=1920&amp;ssl=1 1920w\" sizes=\"auto, (max-width: 640px) 100vw, 640px\" \/><\/figure>\n\n\n\n<p>Asimismo, Monz\u00f3n le entreg\u00f3 a Monse\u00f1or Adamczyk una copia original del proyecto de resoluci\u00f3n de su autor\u00eda. El mismo fue aprobado en la \u00faltima reuni\u00f3n de la comisi\u00f3n de Relaciones Exteriores y Culto, donde la Honorable C\u00e1mara de Diputados expres\u00f3 su benepl\u00e1cito por la decisi\u00f3n de trasladar a Santiago del Estero la Sede Primada de la Iglesia Cat\u00f3lica en la Rep\u00fablica Argentina.&nbsp;<\/p>\n\n\n\n<p>\u201cSe trata de una definici\u00f3n que celebramos con alegr\u00eda por tratarse de una reparaci\u00f3n hist\u00f3rica, un gui\u00f1o al federalismo, un llamado a la uni\u00f3n de argentinos y un paso m\u00e1s para consolidar una Iglesia que atienda las necesidades desde la periferia hacia el centro, tal como se\u00f1ala el Santo Padre\u201d, a\u00f1adi\u00f3 la Diputada Monz\u00f3n.&nbsp;<\/p>\n\n\n\n<p>Finalmente, el intendente y la diputada invitaron al Nuncio a visitar Merlo con el fin de afianzar a\u00fan m\u00e1s el trabajo en curso entre el Municipio y las distintas iglesias y parroquias presentes en el distrito. Asimismo, coincidieron en que ambas instituciones tienen un valor social muy importante por tener \u201ccontacto directo\u201d con los ciudadanos y ciudadanas.<\/p>\n","protected":false},"excerpt":{"rendered":"<p>El intendente de Merlo, Gustavo Men\u00e9ndez, y la diputada nacional, Roxana Monz\u00f3n, se reunieron con&#8230;<\/p>\n","protected":false},"author":20,"featured_media":62803,"comment_status":"closed","ping_status":"closed","sticky":false,"template":"","format":"standard","meta":{"_uf_show_specific_survey":0,"_uf_disable_surveys":false,"_jetpack_memberships_contains_paid_content":false,"footnotes":""},"categories":[124],"tags":[6785,125,4909,4907,6786],"class_list":["post-62802","post","type-post","status-publish","format-standard","has-post-thumbnail","hentry","category-sociedad-merlo","tag-menendez-2","tag-merlo","tag-papa","tag-papa-francisco","tag-roxana-monzon-2"],"aioseo_notices":[],"jetpack_featured_media_url":"https:\/\/i0.wp.com\/noticiastres.com\/wp-content\/uploads\/2024\/09\/Menendez-Monzon-y-Miroslaw-Adamczyk-10-scaled.jpeg?fit=2560%2C1963&ssl=1","jetpack_sharing_enabled":true,"_links":{"self":[{"href":"https:\/\/noticiastres.com\/index.php\/wp-json\/wp\/v2\/posts\/62802","targetHints":{"allow":["GET"]}}],"collection":[{"href":"https:\/\/noticiastres.com\/index.php\/wp-json\/wp\/v2\/posts"}],"about":[{"href":"https:\/\/noticiastres.com\/index.php\/wp-json\/wp\/v2\/types\/post"}],"author":[{"embeddable":true,"href":"https:\/\/noticiastres.com\/index.php\/wp-json\/wp\/v2\/users\/20"}],"replies":[{"embeddable":true,"href":"https:\/\/noticiastres.com\/index.php\/wp-json\/wp\/v2\/comments?post=62802"}],"version-history":[{"count":1,"href":"https:\/\/noticiastres.com\/index.php\/wp-json\/wp\/v2\/posts\/62802\/revisions"}],"predecessor-version":[{"id":62806,"href":"https:\/\/noticiastres.com\/index.php\/wp-json\/wp\/v2\/posts\/62802\/revisions\/62806"}],"wp:featuredmedia":[{"embeddable":true,"href":"https:\/\/noticiastres.com\/index.php\/wp-json\/wp\/v2\/media\/62803"}],"wp:attachment":[{"href":"https:\/\/noticiastres.com\/index.php\/wp-json\/wp\/v2\/media?parent=62802"}],"wp:term":[{"taxonomy":"category","embeddable":true,"href":"https:\/\/noticiastres.com\/index.php\/wp-json\/wp\/v2\/categories?post=62802"},{"taxonomy":"post_tag","embeddable":true,"href":"https:\/\/noticiastres.com\/index.php\/wp-json\/wp\/v2\/tags?post=62802"}],"curies":[{"name":"wp","href":"https:\/\/api.w.org\/{rel}","templated":true}]}}