{"id":62811,"date":"2024-09-27T14:03:42","date_gmt":"2024-09-27T14:03:42","guid":{"rendered":"https:\/\/noticiastres.com\/?p=62811"},"modified":"2024-09-27T14:03:44","modified_gmt":"2024-09-27T14:03:44","slug":"deportivo-merlo-quiere-estar-prendido-en-la-pelea-por-el-titulo","status":"publish","type":"post","link":"https:\/\/noticiastres.com\/index.php\/2024\/09\/27\/deportivo-merlo-quiere-estar-prendido-en-la-pelea-por-el-titulo\/","title":{"rendered":"DEPORTIVO MERLO QUIERE ESTAR PRENDIDO EN LA PELEA POR EL T\u00cdTULO"},"content":{"rendered":"\n<p><strong>En el marco de la fecha 16 del Torneo Clausura de la Primera B, Deportivo Merlo enfrentar\u00e1 a Villa D\u00e1lmine.<\/strong><\/p>\n\n\n\n<p>Habr\u00e1 f\u00fatbol este s\u00e1bado en Campana. En el marco de la fecha 16 del Torneo Clausura de la Primera B, Deportivo Merlo enfrentar\u00e1 a Villa D\u00e1lmine. El Charro llega a este partido luego de vencer 2-0 a Sacachispas y quedar a tiro de la cima del campeonato. Adem\u00e1s, hace 10 partidos que no pierde, con ocho victorias y un empate.<\/p>\n\n\n\n<p>El enfrentamiento entre Villa D\u00e1lmine y Deportivo Merlo se llevar\u00e1 adelante este s\u00e1bado desde las 15. El encuentro se desarrollar\u00e1 en el Estadio Coliseo de Mitre y Puccini. Adem\u00e1s, el designado para impartir justicia ser\u00e1 el \u00e1rbitro Wenceslao Meneses, y la transmisi\u00f3n oficial estar\u00e1 a cargo de TyC Sports Play.<\/p>\n\n\n\n<p>De cara al choque de este s\u00e1bado, Walter Marchesi deber\u00e1 decidir si opta por los mismos futbolistas que vienen de ganarle a Sacachispas o realiza alguna modificaci\u00f3n. En principio, una de las pocas dudas estar\u00eda en la mitad de la cancha: la inclusi\u00f3n o no de Mauro Paj\u00f3n; en caso de que no ingrese, Lautaro Arellano ocupar\u00eda su lugar.<\/p>\n\n\n\n<p>De esta forma, el probable equipo es: Pedro Fern\u00e1ndez; Franco Lorenz\u00f3n, Alan Jim\u00e9nez, Eduardo M\u00e9ndez, Arturo Ordano; Lorenzo Monti, Guillermo Ojeda, Mauro Paj\u00f3n; Joan Gaona, Rodrigo Cao y Santiago Sosa.<\/p>\n\n\n\n<h2 class=\"wp-block-heading\"><span><i class=\"fas fa-arrow-right\"><\/i><\/span><strong>El buen momento de Deportivo Merlo en la categor\u00eda<\/strong> <\/h2>\n\n\n\n<figure class=\"wp-block-image\"><img decoding=\"async\" src=\"blob:https:\/\/noticiastres.com\/961df51b-7881-4201-b1b7-479de2d4ece0\" alt=\"\"\/><\/figure>\n\n\n\n<p>Luego de un p\u00e9simo arranque con Felipe De La Riva, donde perdi\u00f3 por goleada ante Argentino de Merlo, el Charro comenz\u00f3 una racha imparable. Primero con un interinato, pero, luego, con la llegada de Walter Marchesi. A tal punto que, en diez partidos, no solo no perdi\u00f3, sino que pas\u00f3 de pelear el descenso a estar en los puestos de vanguardia.<\/p>\n\n\n\n<p>Desde la llegada de Marchesi (en la fecha 7), el Charro gan\u00f3 8 y empat\u00f3 un solo encuentro. El \u00faltimo fue ante Sacachispas, en su estadio. Ahora, est\u00e1 cuarto en el torneo, a tan solo cuatro puntos del l\u00edder, Colegiales. Ante Villa D\u00e1lmine se juega una parada dur\u00edsima, con el objetivo de seguir descontando puntos.<\/p>\n","protected":false},"excerpt":{"rendered":"<p>En el marco de la fecha 16 del Torneo Clausura de la Primera B, Deportivo&#8230;<\/p>\n","protected":false},"author":20,"featured_media":62812,"comment_status":"closed","ping_status":"closed","sticky":false,"template":"","format":"standard","meta":{"_uf_show_specific_survey":0,"_uf_disable_surveys":false,"_jetpack_memberships_contains_paid_content":false,"footnotes":""},"categories":[6122],"tags":[],"class_list":["post-62811","post","type-post","status-publish","format-standard","has-post-thumbnail","hentry","category-deportes-merlo"],"aioseo_notices":[],"jetpack_featured_media_url":"https:\/\/i0.wp.com\/noticiastres.com\/wp-content\/uploads\/2024\/09\/GYMOwHbXoAA3BXE.jpg?fit=2048%2C1366&ssl=1","jetpack_sharing_enabled":true,"_links":{"self":[{"href":"https:\/\/noticiastres.com\/index.php\/wp-json\/wp\/v2\/posts\/62811","targetHints":{"allow":["GET"]}}],"collection":[{"href":"https:\/\/noticiastres.com\/index.php\/wp-json\/wp\/v2\/posts"}],"about":[{"href":"https:\/\/noticiastres.com\/index.php\/wp-json\/wp\/v2\/types\/post"}],"author":[{"embeddable":true,"href":"https:\/\/noticiastres.com\/index.php\/wp-json\/wp\/v2\/users\/20"}],"replies":[{"embeddable":true,"href":"https:\/\/noticiastres.com\/index.php\/wp-json\/wp\/v2\/comments?post=62811"}],"version-history":[{"count":2,"href":"https:\/\/noticiastres.com\/index.php\/wp-json\/wp\/v2\/posts\/62811\/revisions"}],"predecessor-version":[{"id":62815,"href":"https:\/\/noticiastres.com\/index.php\/wp-json\/wp\/v2\/posts\/62811\/revisions\/62815"}],"wp:featuredmedia":[{"embeddable":true,"href":"https:\/\/noticiastres.com\/index.php\/wp-json\/wp\/v2\/media\/62812"}],"wp:attachment":[{"href":"https:\/\/noticiastres.com\/index.php\/wp-json\/wp\/v2\/media?parent=62811"}],"wp:term":[{"taxonomy":"category","embeddable":true,"href":"https:\/\/noticiastres.com\/index.php\/wp-json\/wp\/v2\/categories?post=62811"},{"taxonomy":"post_tag","embeddable":true,"href":"https:\/\/noticiastres.com\/index.php\/wp-json\/wp\/v2\/tags?post=62811"}],"curies":[{"name":"wp","href":"https:\/\/api.w.org\/{rel}","templated":true}]}}