{"id":63558,"date":"2025-04-15T22:43:07","date_gmt":"2025-04-15T22:43:07","guid":{"rendered":"https:\/\/noticiastres.com\/?p=63558"},"modified":"2025-04-15T22:43:08","modified_gmt":"2025-04-15T22:43:08","slug":"proponen-prohibir-dos-por-moto-en-buenos-aires","status":"publish","type":"post","link":"https:\/\/noticiastres.com\/index.php\/2025\/04\/15\/proponen-prohibir-dos-por-moto-en-buenos-aires\/","title":{"rendered":"PROPONEN PROHIBIR DOS POR MOTO EN BUENOS AIRES"},"content":{"rendered":"\n<p>Seg\u00fan explic\u00f3 el ministro Javier Alonso, la restricci\u00f3n no ser\u00eda generalizada, sino que se aplicar\u00eda de forma focalizada en distritos con mayor incidencia de delitos cometidos por motochorros. La medida forma parte de un paquete de acciones preventivas que el Gobierno provincial eval\u00faa para reforzar la seguridad en el conurbano.<\/p>\n\n\n\n<p>\u201c<strong>Es una medida sensible, por eso creemos que debe ser el intendente el que lo solicite<\/strong>. Hay una ley que nos permite tomar esa medida como Ministerio de Seguridad\u201d, se\u00f1al\u00f3.<\/p>\n\n\n\n<p>El&nbsp;<strong>gobierno de la provincia de Buenos Aires<\/strong>&nbsp;analiza implementar una medida que restringir\u00eda la circulaci\u00f3n de dos personas en una misma moto, con el objetivo de reducir hechos delictivos. As\u00ed lo indic\u00f3 el&nbsp;<strong>ministro de Seguridad bonaerense, Javier Alonso<\/strong>, en una conferencia de prensa.<\/p>\n\n\n\n<p>Seg\u00fan explic\u00f3 el funcionario, la eventual medida podr\u00eda aplicarse \u201cpor zonas, franjas horarias y con previo pedido de los intendentes\u201d. Alonso precis\u00f3 que no se tratar\u00eda de una disposici\u00f3n general, sino de una herramienta a disposici\u00f3n de los municipios.<\/p>\n\n\n\n<p>La normativa en estudio estar\u00eda contemplada en la&nbsp;<strong>Ley \u201cAntimotochorros\u201d<\/strong>, aprobada en 2019, que establece tambi\u00e9n la obligaci\u00f3n de llevar impresa la&nbsp;<strong>patente<\/strong>&nbsp;en el&nbsp;<strong>casco<\/strong>&nbsp;y en el&nbsp;<strong>chaleco<\/strong>. Esta \u00faltima exigencia, reconoci\u00f3 Alonso, no se estar\u00eda cumpliendo en la actualidad.<\/p>\n\n\n\n<p>Aunque el enfoque estar\u00eda puesto principalmente en el&nbsp;<strong>Conurbano bonaerense<\/strong>, la restricci\u00f3n podr\u00eda extenderse a los&nbsp;<strong>135 municipios<\/strong>&nbsp;de la provincia, en caso de que la medida avance.<\/p>\n\n\n\n<p>Durante la conferencia, el ministro tambi\u00e9n present\u00f3 cifras relacionadas con la seguridad p\u00fablica. Indic\u00f3 que, en el primer trimestre del a\u00f1o, se registraron&nbsp;<strong>234 homicidios<\/strong>, frente a&nbsp;<strong>270 casos<\/strong>&nbsp;en el mismo per\u00edodo de 2024, lo que representar\u00eda una disminuci\u00f3n del&nbsp;<strong>13%<\/strong>.<\/p>\n\n\n\n<p>\u201cEsto ser\u00eda un avance en materia de pol\u00edtica de seguridad y de esfuerzos compartidos. Tiene que ver con el trabajo mancomunado que hacemos con cada uno de los 135 gobiernos locales, con la Justicia federal y la justicia provincial\u201d, expres\u00f3 Alonso.<\/p>\n\n\n\n<h2 class=\"wp-block-heading\"><span><i class=\"fas fa-arrow-right\"><\/i><\/span>Ordenamiento pol\u00edtico <\/h2>\n\n\n\n<p>M\u00e1s all\u00e1 de esta definici\u00f3n en materia de seguridad, Kicillof recibi\u00f3 ayer&nbsp;un gesto de la expresidenta<strong>&nbsp;Cristina Kirchner<\/strong>, en medio de la tensi\u00f3n interna por el desdoblamiento de las elecciones: les orden\u00f3 a los bloques legislativos que se encolumnan detr\u00e1s de su figura que&nbsp;<strong>desistan del proyecto de ley para establecer elecciones concurrentes<\/strong>&nbsp;en la Provincia de Buenos Aires.<\/p>\n\n\n\n<p>\u201cHoy, 14 de abril,<strong>&nbsp;sigo creyendo<\/strong>, junto a otros compa\u00f1eros y compa\u00f1eras, que en las pr\u00f3ximas elecciones parlamentarias en la PBA, tanto nacionales como provinciales,&nbsp;<strong>lo mejor para los bonaerenses<\/strong>&nbsp;en general, y para el peronismo en particular,&nbsp;<strong>es votar una sola vez, el 26 de octubre<\/strong>\u201d, aclar\u00f3 Kirchner a modo de introducci\u00f3n.<\/p>\n\n\n\n<p>En ese sentido, argument\u00f3 que&nbsp;<strong>celebrar dos elecciones con seis semanas de diferencia<\/strong>&nbsp;\u201cy al mismo tiempo, destinar cuantiosos recursos por el desdoblamiento electoral,&nbsp;<strong>no parece ser lo m\u00e1s aconsejable<\/strong>\u201d, especialmente en un contexto de crisis econ\u00f3mica que, seg\u00fan se\u00f1al\u00f3, \u201cest\u00e1 atravesando la sociedad producto de las pol\u00edticas de Milei\u201d.<\/p>\n\n\n\n<p>Sin embargo, como presidenta del PJ nacional consider\u00f3 que, \u201ca pesar de seguir creyendo que&nbsp;<strong>desdoblar<\/strong>&nbsp;las elecciones en las Provincia de Buenos Aires&nbsp;<strong>es un error pol\u00edtico<\/strong>&nbsp;(<strong>DIOS QUIERA ME EQUIVOQUE<\/strong>)\u201d, el contexto obliga a trabajar en unidad y por eso les solicit\u00f3 a la senadora&nbsp;<strong>Teresa Garc\u00eda<\/strong>&nbsp;y al diputado&nbsp;<strong>Facundo Tignanelli<\/strong>&nbsp;\u201cque&nbsp;<strong>desistan del proyecto de ley de concurrencia electoral<\/strong>&nbsp;para que los bonaerenses voten una sola vez\u201d. Adem\u00e1s, les pidi\u00f3 que \u201c<strong>acompa\u00f1en<\/strong>, en la parte pertinente, el&nbsp;<strong>proyecto de ley del compa\u00f1ero gobernador<\/strong>&nbsp;que fuera firmado por la oposici\u00f3n (UCR, LLA y el PRO)\u201d.<a href=\"https:\/\/www.infobae.com\/sociedad\/2025\/04\/15\/video-el-impactante-choque-en-la-matanza-entre-una-moto-que-iba-a-contramano-y-un-auto\/\" target=\"_blank\" rel=\"noreferrer noopener\"><\/a><\/p>\n","protected":false},"excerpt":{"rendered":"<p>Seg\u00fan explic\u00f3 el ministro Javier Alonso, la restricci\u00f3n no ser\u00eda generalizada, sino que se aplicar\u00eda&#8230;<\/p>\n","protected":false},"author":1,"featured_media":63559,"comment_status":"closed","ping_status":"closed","sticky":false,"template":"","format":"standard","meta":{"_uf_show_specific_survey":0,"_uf_disable_surveys":false,"_jetpack_memberships_contains_paid_content":false,"footnotes":""},"categories":[15],"tags":[31,1487,2065,6958],"class_list":["post-63558","post","type-post","status-publish","format-standard","has-post-thumbnail","hentry","category-politica-nacional","tag-axel-kicillof","tag-gobierno-bonaerense","tag-motochorros","tag-propuesta"],"aioseo_notices":[],"jetpack_featured_media_url":"https:\/\/i0.wp.com\/noticiastres.com\/wp-content\/uploads\/2025\/04\/Captura-de-pantalla-2025-04-15-194021.png?fit=637%2C356&ssl=1","jetpack_sharing_enabled":true,"_links":{"self":[{"href":"https:\/\/noticiastres.com\/index.php\/wp-json\/wp\/v2\/posts\/63558","targetHints":{"allow":["GET"]}}],"collection":[{"href":"https:\/\/noticiastres.com\/index.php\/wp-json\/wp\/v2\/posts"}],"about":[{"href":"https:\/\/noticiastres.com\/index.php\/wp-json\/wp\/v2\/types\/post"}],"author":[{"embeddable":true,"href":"https:\/\/noticiastres.com\/index.php\/wp-json\/wp\/v2\/users\/1"}],"replies":[{"embeddable":true,"href":"https:\/\/noticiastres.com\/index.php\/wp-json\/wp\/v2\/comments?post=63558"}],"version-history":[{"count":1,"href":"https:\/\/noticiastres.com\/index.php\/wp-json\/wp\/v2\/posts\/63558\/revisions"}],"predecessor-version":[{"id":63560,"href":"https:\/\/noticiastres.com\/index.php\/wp-json\/wp\/v2\/posts\/63558\/revisions\/63560"}],"wp:featuredmedia":[{"embeddable":true,"href":"https:\/\/noticiastres.com\/index.php\/wp-json\/wp\/v2\/media\/63559"}],"wp:attachment":[{"href":"https:\/\/noticiastres.com\/index.php\/wp-json\/wp\/v2\/media?parent=63558"}],"wp:term":[{"taxonomy":"category","embeddable":true,"href":"https:\/\/noticiastres.com\/index.php\/wp-json\/wp\/v2\/categories?post=63558"},{"taxonomy":"post_tag","embeddable":true,"href":"https:\/\/noticiastres.com\/index.php\/wp-json\/wp\/v2\/tags?post=63558"}],"curies":[{"name":"wp","href":"https:\/\/api.w.org\/{rel}","templated":true}]}}