{"id":63601,"date":"2025-05-13T08:48:00","date_gmt":"2025-05-13T08:48:00","guid":{"rendered":"https:\/\/noticiastres.com\/?p=63601"},"modified":"2025-05-15T03:25:25","modified_gmt":"2025-05-15T03:25:25","slug":"el-pro-impulsa-ficha-limpia-en-caba-para-disputarle-votos-a-los-libertarios","status":"publish","type":"post","link":"https:\/\/noticiastres.com\/index.php\/2025\/05\/13\/el-pro-impulsa-ficha-limpia-en-caba-para-disputarle-votos-a-los-libertarios\/","title":{"rendered":"EL PRO IMPULSA FICHA LIMPIA EN CABA PARA DISPUTARLE VOTOS A LOS LIBERTARIOS"},"content":{"rendered":"\n<p><strong>La derrota del proyecto revitaliz\u00f3 la campa\u00f1a de Silvia Lospennato y, seg\u00fan allegados a Jorge Macri, ya se reflej\u00f3 en las encuestas. Ahora, el PRO busca capitalizar ese impulso en los actos finales de la campa\u00f1a.<\/strong><br><\/p>\n\n\n\n<p>\u201cHace una semana, en el PRO hab\u00eda<strong>\u00a0clima de velorio.<\/strong>\u00a0Hoy se ven\u00a0<strong>otras caras\u201d.\u00a0<\/strong>La confesi\u00f3n de un exponente del macrismo<strong>\u00a0<\/strong>revela c\u00f3mo la pol\u00e9mica por Ficha Limpia se convirti\u00f3 en un\u00a0<strong>eje de campa\u00f1a\u00a0<\/strong>que le permiti\u00f3\u00a0<strong>recuperar protagonismo y sacarle ventaja<\/strong>\u00a0a La Libertad Avanza para las elecciones porte\u00f1as de este domingo.<\/p>\n\n\n\n<p>Si el oficialismo en CABA desdobl\u00f3 los comicios para\u00a0<strong>no nacionalizar<\/strong>\u00a0la votaci\u00f3n y evitar que la votaci\u00f3n fuera un plebiscito de la gesti\u00f3n de\u00a0<strong>Javier Milei,<\/strong>\u00a0los hechos demuestran que el PRO tuvo que abandonar la \u201cmunicipalizaci\u00f3n\u201d de la campa\u00f1a con un\u00a0<strong>fuerte viraje<\/strong>\u00a0para recuperar ese electorado propio de centroderecha que adhiere al gobierno nacional. Y el proyecto de Ficha Limpia \u201cfue el\u00a0<strong>cisne negro\u00a0<\/strong>que arrincon\u00f3 a los libertarios\u201d, aseguran en la sede de Uspallata, hasta tal punto que, seg\u00fan sus \u00faltimas encuestas, la lista que encabeza\u00a0<strong>Silvia Lospennato<\/strong>\u00a0est\u00e1\u00a0<strong>disputando el segundo puesto<\/strong>\u00a0\u201ccabeza a cabeza\u201d con\u00a0<strong>Manuel Adorni.<\/strong><\/p>\n\n\n\n<p>En el entorno de Jorge Macri est\u00e1n convencidos de que volvieron a ser&nbsp;<strong>competitivos&nbsp;<\/strong>electoralmente en el distrito que gobiernan desde hace 17 a\u00f1os y creen que lo confirm\u00f3 el hecho de que el propio Presidente tuvo que&nbsp;<strong>involucrarse en la campa\u00f1a&nbsp;<\/strong>para apoyar a su vocero-candidato y atacar al PRO, a Mauricio Macri y a Lospennato.&nbsp;<strong>\u201cSe nota que est\u00e1n desesperados\u201d,<\/strong>&nbsp;dicen.<\/p>\n\n\n\n<p>Los estrategas del partido amarillo admiten que el \u201ckirchnerista blue\u201d&nbsp;<strong>Leandro Santoro&nbsp;<\/strong>sigue&nbsp;<strong>primero<\/strong>&nbsp;en los sondeos de intenci\u00f3n de voto, con un&nbsp;<strong>28%&nbsp;<\/strong>de respaldos, pero que el&nbsp;<strong>61%<\/strong>&nbsp;de los porte\u00f1os&nbsp;<strong>est\u00e1 de acuerdo con Ficha Limpia,&nbsp;<\/strong>dato clave que explicar\u00eda, seg\u00fan afirman, el&nbsp;<strong>repunte&nbsp;<\/strong>de una fuerte impulsora de esa iniciativa como Lospennato.<\/p>\n\n\n\n<p>Por eso la campa\u00f1a del PRO en estos \u00faltimos d\u00edas de campa\u00f1a pondr\u00e1 el foco en\u00a0<strong>defender la aprobaci\u00f3n de Ficha Limpia<\/strong>\u00a0y\u00a0<strong>machacar con la responsabilidad del gobierno nacional\u00a0<\/strong>en la frustrada sanci\u00f3n legislativa.<\/p>\n\n\n\n<p>Ese imprevisto eje discursivo, se entusiasman en el macrismo, tambi\u00e9n\u00a0<strong>\u201cdescoloca\u201d a Horacio Rodr\u00edguez Larreta,\u00a0<\/strong>con quien hab\u00edan decidido disputar el electorado propio, pero cuya estrategia apunta a criticar al gobierno porte\u00f1o y exaltar lo que hizo en su gesti\u00f3n.<\/p>\n\n\n\n<p><\/p>\n\n\n\n<p><a href=\"https:\/\/www.infobae.com\/politica\/2025\/05\/14\/manuel-adorni-cierra-hoy-la-campana-junto-a-javier-milei-y-todos-los-ministros-del-gobierno-en-recoleta\/\" target=\"_blank\" rel=\"noreferrer noopener\"><\/a><\/p>\n\n\n\n<p><a href=\"https:\/\/www.infobae.com\/politica\/2025\/05\/15\/la-justicia-portena-habilito-el-anticipo-de-los-resultados-de-las-elecciones-a-que-hora-se-podra-conocer-el-ganador\/\" target=\"_blank\" rel=\"noreferrer noopener\"><\/a><\/p>\n","protected":false},"excerpt":{"rendered":"<p>La derrota del proyecto revitaliz\u00f3 la campa\u00f1a de Silvia Lospennato y, seg\u00fan allegados a Jorge&#8230;<\/p>\n","protected":false},"author":1,"featured_media":63602,"comment_status":"closed","ping_status":"closed","sticky":false,"template":"","format":"standard","meta":{"_uf_show_specific_survey":0,"_uf_disable_surveys":false,"_jetpack_memberships_contains_paid_content":false,"footnotes":""},"categories":[15],"tags":[6972,6878,2987],"class_list":["post-63601","post","type-post","status-publish","format-standard","has-post-thumbnail","hentry","category-politica-nacional","tag-elecciones-2025","tag-ficha-limpia","tag-pro"],"aioseo_notices":[],"jetpack_featured_media_url":"https:\/\/i0.wp.com\/noticiastres.com\/wp-content\/uploads\/2025\/05\/Captura-de-pantalla-2025-05-15-000709.png?fit=850%2C565&ssl=1","jetpack_sharing_enabled":true,"_links":{"self":[{"href":"https:\/\/noticiastres.com\/index.php\/wp-json\/wp\/v2\/posts\/63601","targetHints":{"allow":["GET"]}}],"collection":[{"href":"https:\/\/noticiastres.com\/index.php\/wp-json\/wp\/v2\/posts"}],"about":[{"href":"https:\/\/noticiastres.com\/index.php\/wp-json\/wp\/v2\/types\/post"}],"author":[{"embeddable":true,"href":"https:\/\/noticiastres.com\/index.php\/wp-json\/wp\/v2\/users\/1"}],"replies":[{"embeddable":true,"href":"https:\/\/noticiastres.com\/index.php\/wp-json\/wp\/v2\/comments?post=63601"}],"version-history":[{"count":1,"href":"https:\/\/noticiastres.com\/index.php\/wp-json\/wp\/v2\/posts\/63601\/revisions"}],"predecessor-version":[{"id":63603,"href":"https:\/\/noticiastres.com\/index.php\/wp-json\/wp\/v2\/posts\/63601\/revisions\/63603"}],"wp:featuredmedia":[{"embeddable":true,"href":"https:\/\/noticiastres.com\/index.php\/wp-json\/wp\/v2\/media\/63602"}],"wp:attachment":[{"href":"https:\/\/noticiastres.com\/index.php\/wp-json\/wp\/v2\/media?parent=63601"}],"wp:term":[{"taxonomy":"category","embeddable":true,"href":"https:\/\/noticiastres.com\/index.php\/wp-json\/wp\/v2\/categories?post=63601"},{"taxonomy":"post_tag","embeddable":true,"href":"https:\/\/noticiastres.com\/index.php\/wp-json\/wp\/v2\/tags?post=63601"}],"curies":[{"name":"wp","href":"https:\/\/api.w.org\/{rel}","templated":true}]}}