{"id":63630,"date":"2025-05-28T15:00:58","date_gmt":"2025-05-28T15:00:58","guid":{"rendered":"https:\/\/noticiastres.com\/?p=63630"},"modified":"2025-05-28T15:00:59","modified_gmt":"2025-05-28T15:00:59","slug":"detienen-a-un-hombre-de-72-anos-por-abuso-sexual-a-una-menor","status":"publish","type":"post","link":"https:\/\/noticiastres.com\/index.php\/2025\/05\/28\/detienen-a-un-hombre-de-72-anos-por-abuso-sexual-a-una-menor\/","title":{"rendered":"DETIENEN A UN HOMBRE DE 72 A\u00d1OS POR ABUSO SEXUAL A UNA MENOR"},"content":{"rendered":"\n<p><strong>El hombre fue detenido en su domicilio del barrio Monterrey, acusado de haber abusado de la adolescente durante el a\u00f1o pasado, per\u00edodo en el que ambos conviv\u00edan bajo el mismo techo.<\/strong><br><\/p>\n\n\n\n<p>Un hombre de 72 a\u00f1os\u00a0<strong>fue detenido en su casa del\u00a0barrio Monterrey\u00a0de Presidente Derqui, acusado de violar a una sobrina nieta de 17 a\u00f1os.<\/strong><\/p>\n\n\n\n<p>El arresto se produjo en la tarde de ayer luego de que el Destacamento de Monterrey recibiera un oficio judicial del Tribunal en lo Criminal N\u00ba03 del Departamento Judicial San Isidro para efectivizar l<strong>a detenci\u00f3n del presunto abusador sexual, denunciado por la v\u00edctima en septiembre de 2024.<\/strong><\/p>\n\n\n\n<p>about:blank<\/p>\n\n\n\n<p>As\u00ed, personal policial se hizo presente en el domicilio del hombre, ubicado en la calle Ecuador al 1500, y donde de acuerdo con el relato de la adolescente, se habr\u00edan producido los ataques sexuales.<\/p>\n\n\n\n<p>La causa fue caratulada como &#8220;Detenci\u00f3n por abuso sexual con acceso carnal&#8221;. Interviene el Tribunal en lo Criminal Nro. 3 del Departamento Judicial de San Isidro. Intervino el Destacamento de Monterrey.<\/p>\n","protected":false},"excerpt":{"rendered":"<p>El hombre fue detenido en su domicilio del barrio Monterrey, acusado de haber abusado de&#8230;<\/p>\n","protected":false},"author":1,"featured_media":63631,"comment_status":"closed","ping_status":"closed","sticky":false,"template":"","format":"standard","meta":{"_uf_show_specific_survey":0,"_uf_disable_surveys":false,"_jetpack_memberships_contains_paid_content":false,"footnotes":""},"categories":[18],"tags":[6979,6980,6978],"class_list":["post-63630","post","type-post","status-publish","format-standard","has-post-thumbnail","hentry","category-policiales-nacional","tag-barrio-monterrey","tag-detienen-a-un-hombre","tag-sobrina-nieta"],"aioseo_notices":[],"jetpack_featured_media_url":"https:\/\/i0.wp.com\/noticiastres.com\/wp-content\/uploads\/2025\/05\/Captura.png?fit=651%2C417&ssl=1","jetpack_sharing_enabled":true,"_links":{"self":[{"href":"https:\/\/noticiastres.com\/index.php\/wp-json\/wp\/v2\/posts\/63630","targetHints":{"allow":["GET"]}}],"collection":[{"href":"https:\/\/noticiastres.com\/index.php\/wp-json\/wp\/v2\/posts"}],"about":[{"href":"https:\/\/noticiastres.com\/index.php\/wp-json\/wp\/v2\/types\/post"}],"author":[{"embeddable":true,"href":"https:\/\/noticiastres.com\/index.php\/wp-json\/wp\/v2\/users\/1"}],"replies":[{"embeddable":true,"href":"https:\/\/noticiastres.com\/index.php\/wp-json\/wp\/v2\/comments?post=63630"}],"version-history":[{"count":1,"href":"https:\/\/noticiastres.com\/index.php\/wp-json\/wp\/v2\/posts\/63630\/revisions"}],"predecessor-version":[{"id":63632,"href":"https:\/\/noticiastres.com\/index.php\/wp-json\/wp\/v2\/posts\/63630\/revisions\/63632"}],"wp:featuredmedia":[{"embeddable":true,"href":"https:\/\/noticiastres.com\/index.php\/wp-json\/wp\/v2\/media\/63631"}],"wp:attachment":[{"href":"https:\/\/noticiastres.com\/index.php\/wp-json\/wp\/v2\/media?parent=63630"}],"wp:term":[{"taxonomy":"category","embeddable":true,"href":"https:\/\/noticiastres.com\/index.php\/wp-json\/wp\/v2\/categories?post=63630"},{"taxonomy":"post_tag","embeddable":true,"href":"https:\/\/noticiastres.com\/index.php\/wp-json\/wp\/v2\/tags?post=63630"}],"curies":[{"name":"wp","href":"https:\/\/api.w.org\/{rel}","templated":true}]}}