{"id":63641,"date":"2025-05-30T10:09:00","date_gmt":"2025-05-30T10:09:00","guid":{"rendered":"https:\/\/noticiastres.com\/?p=63641"},"modified":"2025-06-03T02:13:56","modified_gmt":"2025-06-03T02:13:56","slug":"vicente-lopez-abre-nuevos-accesos-a-la-costa","status":"publish","type":"post","link":"https:\/\/noticiastres.com\/index.php\/2025\/05\/30\/vicente-lopez-abre-nuevos-accesos-a-la-costa\/","title":{"rendered":"VICENTE L\u00d3PEZ ABRE NUEVOS ACCESOS A LA COSTA"},"content":{"rendered":"\n<p><strong>El Municipio de Vicente L\u00f3pez avanza con obras en la costa, a la altura de Jos\u00e9 Ingenieros y San Lorenzo, para abrir nuevos accesos p\u00fablicos al r\u00edo. Esta iniciativa forma parte de un plan integral que busca crear un corredor costero continuo, uniendo la calle Paran\u00e1 \u2014l\u00edmite con San Isidro\u2014 con el Paseo de la Costa, en el borde con la Ciudad de Buenos Aires.<\/strong><\/p>\n\n\n\n<p>En la costa de\u00a0Vicente L\u00f3pez, a la altura de las calles Jos\u00e9 Ingenieros y San Lorenzo, el Municipio realiza obras para poder mejorar y generar nuevos accesos p\u00fablicos al r\u00edo, en el marco de un plan que busca generar un corredor que conecte la calle Paran\u00e1, en el l\u00edmite con\u00a0San Isidro, con el Paseo de la Costa, lindero a la Ciudad de Buenos Aires.<\/p>\n\n\n\n<p>Las obras que se est\u00e1n realizando actualmente constan de dos ejes. En primer lugar, se est\u00e1 ejecutando&nbsp;<strong>la apertura del tramo de costa de la calle Jos\u00e9 Ingenieros<\/strong>, con la cual se generar\u00e1 un nuevo espacio de costa para los vecinos, con senderos, bicisenda, iluminaci\u00f3n y plantas.&nbsp;<strong>Inicia en la calle Tomas Espora y se conecta con el tramo de costa de la calle San Lorenzo.<\/strong><\/p>\n\n\n\n<p>En segundo lugar, se est\u00e1 renovando el acceso de San Lorenzo, entre la calle Espora y la plaza. Los trabajos contemplan una nueva carpeta asf\u00e1ltica, veredas, cordones y rampas. Adem\u00e1s, incluye nueva iluminaci\u00f3n y parquizaci\u00f3n de la zona.<\/p>\n\n\n\n<p>Estas tareas se suman a las que con anterioridad fueron terminadas en los alrededores de la plaza San Lorenzo. Cuando finalicen,&nbsp;<strong>permitir\u00e1n un circuito de m\u00e1s de 650 metros lineales que se conectar\u00e1n con el Paseo del Viento<\/strong>.<\/p>\n\n\n\n<p>&#8220;De esta manera, Vicente L\u00f3pez contin\u00faa avanzando en su plan de obtener una costa 100% p\u00fablica&#8221;, afirmaron desde la comuna y explicaron que la iniciativa tiene como objetivo poner a disposici\u00f3n de los vecinos el frente costero del partido en su totalidad, que cuenta con m\u00e1s de 5 kil\u00f3metros de costa comprendidos entre la calle Paran\u00e1, al l\u00edmite con San Isidro, y la General Paz, llegando a la Ciudad de Buenos Aires.<\/p>\n\n\n\n<p>&#8220;Seguimos avanzando con la obra p\u00fablica que llevamos adelante con recursos municipales. Estamos terminando los \u00faltimos dos accesos al paseo costero, las calles Jos\u00e9 Ingenieros y San Lorenzo, para nuestros vecinos y los que nos visitan en la zona. Que van a quedar muy lindos, van a tener espacios nuevos, senda para caminar, para andar en bicicleta, la pasarela, la vista al r\u00edo. La verdad es que con esto vamos a terminar de conectar una parte muy grande de la costa y devolverle el espacio p\u00fablico y verde a los vecinos&#8221;, destac\u00f3 la intendenta\u00a0Soledad Mart\u00ednez, quien recorri\u00f3 el avance de los trabajos.<\/p>\n\n\n\n<p>Adem\u00e1s, sostuvo que &#8220;es importante que el vecino pueda hacer estas actividades, pero tambi\u00e9n se sienta seguro. El espacio p\u00fablico es de los vecinos de Vicente L\u00f3pez y nosotros desde el municipio lo que garantizamos es un espacio p\u00fablico de calidad, lindo, bien armado, con obras que duren y tambi\u00e9n seguridad. La iluminaci\u00f3n, las c\u00e1maras que tenemos en este lugar, los Puntos Seguros, m\u00e1s el patrullaje y la presencia de nuestros agentes hacen que los vecinos puedan venir a disfrutar del r\u00edo sin sentirse inseguros&#8221;.<\/p>\n","protected":false},"excerpt":{"rendered":"<p>El Municipio de Vicente L\u00f3pez avanza con obras en la costa, a la altura de&#8230;<\/p>\n","protected":false},"author":1,"featured_media":63639,"comment_status":"closed","ping_status":"closed","sticky":false,"template":"","format":"standard","meta":{"_uf_show_specific_survey":0,"_uf_disable_surveys":false,"_jetpack_memberships_contains_paid_content":false,"footnotes":""},"categories":[49],"tags":[229,50,419],"class_list":["post-63641","post","type-post","status-publish","format-standard","has-post-thumbnail","hentry","category-sociedad-nacional","tag-obras","tag-sociedad","tag-vicente-lopez"],"aioseo_notices":[],"jetpack_featured_media_url":"https:\/\/i0.wp.com\/noticiastres.com\/wp-content\/uploads\/2025\/06\/Captura-de-pantalla-2025-06-02-230329.png?fit=1026%2C572&ssl=1","jetpack_sharing_enabled":true,"_links":{"self":[{"href":"https:\/\/noticiastres.com\/index.php\/wp-json\/wp\/v2\/posts\/63641","targetHints":{"allow":["GET"]}}],"collection":[{"href":"https:\/\/noticiastres.com\/index.php\/wp-json\/wp\/v2\/posts"}],"about":[{"href":"https:\/\/noticiastres.com\/index.php\/wp-json\/wp\/v2\/types\/post"}],"author":[{"embeddable":true,"href":"https:\/\/noticiastres.com\/index.php\/wp-json\/wp\/v2\/users\/1"}],"replies":[{"embeddable":true,"href":"https:\/\/noticiastres.com\/index.php\/wp-json\/wp\/v2\/comments?post=63641"}],"version-history":[{"count":1,"href":"https:\/\/noticiastres.com\/index.php\/wp-json\/wp\/v2\/posts\/63641\/revisions"}],"predecessor-version":[{"id":63642,"href":"https:\/\/noticiastres.com\/index.php\/wp-json\/wp\/v2\/posts\/63641\/revisions\/63642"}],"wp:featuredmedia":[{"embeddable":true,"href":"https:\/\/noticiastres.com\/index.php\/wp-json\/wp\/v2\/media\/63639"}],"wp:attachment":[{"href":"https:\/\/noticiastres.com\/index.php\/wp-json\/wp\/v2\/media?parent=63641"}],"wp:term":[{"taxonomy":"category","embeddable":true,"href":"https:\/\/noticiastres.com\/index.php\/wp-json\/wp\/v2\/categories?post=63641"},{"taxonomy":"post_tag","embeddable":true,"href":"https:\/\/noticiastres.com\/index.php\/wp-json\/wp\/v2\/tags?post=63641"}],"curies":[{"name":"wp","href":"https:\/\/api.w.org\/{rel}","templated":true}]}}