{"id":63727,"date":"2025-07-30T12:45:38","date_gmt":"2025-07-30T12:45:38","guid":{"rendered":"https:\/\/noticiastres.com\/?p=63727"},"modified":"2025-07-30T12:45:40","modified_gmt":"2025-07-30T12:45:40","slug":"capturan-a-hombre-acusado-de-golpear-y-robar-a-una-persona-en-la-via-publica","status":"publish","type":"post","link":"https:\/\/noticiastres.com\/index.php\/2025\/07\/30\/capturan-a-hombre-acusado-de-golpear-y-robar-a-una-persona-en-la-via-publica\/","title":{"rendered":"CAPTURAN A HOMBRE ACUSADO DE GOLPEAR Y ROBAR A UNA PERSONA EN LA V\u00cdA P\u00daBLICA"},"content":{"rendered":"\n<p>Mientras aguardaba el transporte p\u00fablico, un hombre fue interceptado por un sujeto armado que lo golpe\u00f3 y lo amenaz\u00f3 para robarle. El delincuente se llev\u00f3 su celular y dinero en efectivo.<\/p>\n\n\n\n<p>Un hombre fue detenido en las \u00faltimas horas acusado de ser el autor de un violento robo ocurrido en la localidad de\u00a0Manuel Alberti\u00a0en Pilar, donde un vecino fue\u00a0golpeado con un arma de fuego\u00a0y despojado de su celular, dinero y pertenencias mientras esperaba el colectivo para ir a trabajar.<\/p>\n\n\n\n<p>El hecho ocurri\u00f3 el\u00a026 de junio, en la intersecci\u00f3n de las calles\u00a0Cattaneo y Padre Roqueta, cuando la v\u00edctima, identificada como\u00a0E.G.P\u00a0de 34 a\u00f1os, fue abordada por un sujeto que, tras amenazarlo con un rev\u00f3lver, lo golpe\u00f3 y le rob\u00f3 un\u00a0celular Samsung, una mochila con documentaci\u00f3n personal, tarjetas de cr\u00e9dito y m\u00e1s de 2.500 pesos en efectivo.<\/p>\n\n\n\n<p>El asaltante escap\u00f3 caminando por calle Hip\u00f3lito Yrigoyen hasta perderse de vista, informaron fuentes del caso a Pilar de Todos.<\/p>\n\n\n\n<p>A ra\u00edz de la denuncia, la\u00a0Unidad Funcional de Instrucci\u00f3n N\u00b02 de Pilar, a cargo del fiscal interino\u00a0Pablo Menteguiaga, orden\u00f3 una serie de operativos.<\/p>\n\n\n\n<p>En primera instancia, los investigadores allanaron un domicilio ubicado en\u00a0Vera Paz, Tortuguitas, partido de\u00a0Malvinas Argentinas, donde se secuestr\u00f3 un\u00a0rev\u00f3lver calibre .22 marca Bahual, y un autom\u00f3vil\u00a0Chevrolet Prisma color gris oscuro. En ese lugar fue detenido\u00a0H. M.M,\u00a0de 43 a\u00f1os, quien fue notificado del inicio de la causa por el delito de\u00a0robo.<\/p>\n\n\n\n<p>Sin embargo, nuevas tareas investigativas a cargo de la SUB DDI de Pilar permitieron establecer que\u00a0el verdadero autor material del asalto ser\u00eda otro hombre, identificado como\u00a0L.D.M,\u00a0de 32 a\u00f1os, con domicilio en\u00a0Grand Bourg, tambi\u00e9n en Malvinas Argentinas.<\/p>\n\n\n\n<p>La Polic\u00eda realiz\u00f3 un segundo allanamiento en su vivienda, ubicada en la calle\u00a0Eva Duarte de Per\u00f3n, donde se incaut\u00f3 un\u00a0celular Samsung de similares caracter\u00edsticas al robado, fundas, tarjetas SIM y otros accesorios tecnol\u00f3gicos que ser\u00e1n peritados.<\/p>\n\n\n\n<p>El primero de los aprehendidos fue liberado, al tiempo que los investigadores tratan de dar con un presunto c\u00f3mplice del ladr\u00f3n.<\/p>\n\n\n\n<p>La causa, caratulada como\u00a0\u201cRobo\u201d, sigue su curso en el\u00a0Departamento Judicial de San Isidro, bajo la intervenci\u00f3n del\u00a0Juzgado de Garant\u00edas N\u00b07\u00a0de Pilar.<\/p>\n","protected":false},"excerpt":{"rendered":"<p>Mientras aguardaba el transporte p\u00fablico, un hombre fue interceptado por un sujeto armado que lo&#8230;<\/p>\n","protected":false},"author":20,"featured_media":63728,"comment_status":"closed","ping_status":"closed","sticky":false,"template":"","format":"standard","meta":{"_uf_show_specific_survey":0,"_uf_disable_surveys":false,"_jetpack_memberships_contains_paid_content":false,"footnotes":""},"categories":[18],"tags":[7003,5913,233,225],"class_list":["post-63727","post","type-post","status-publish","format-standard","has-post-thumbnail","hentry","category-policiales-nacional","tag-golpes","tag-pilar","tag-policiales","tag-robo"],"aioseo_notices":[],"jetpack_featured_media_url":"https:\/\/i0.wp.com\/noticiastres.com\/wp-content\/uploads\/2025\/07\/72c15dff401e64e50c627e21245d8dea_L.jpg?fit=834%2C502&ssl=1","jetpack_sharing_enabled":true,"_links":{"self":[{"href":"https:\/\/noticiastres.com\/index.php\/wp-json\/wp\/v2\/posts\/63727","targetHints":{"allow":["GET"]}}],"collection":[{"href":"https:\/\/noticiastres.com\/index.php\/wp-json\/wp\/v2\/posts"}],"about":[{"href":"https:\/\/noticiastres.com\/index.php\/wp-json\/wp\/v2\/types\/post"}],"author":[{"embeddable":true,"href":"https:\/\/noticiastres.com\/index.php\/wp-json\/wp\/v2\/users\/20"}],"replies":[{"embeddable":true,"href":"https:\/\/noticiastres.com\/index.php\/wp-json\/wp\/v2\/comments?post=63727"}],"version-history":[{"count":1,"href":"https:\/\/noticiastres.com\/index.php\/wp-json\/wp\/v2\/posts\/63727\/revisions"}],"predecessor-version":[{"id":63729,"href":"https:\/\/noticiastres.com\/index.php\/wp-json\/wp\/v2\/posts\/63727\/revisions\/63729"}],"wp:featuredmedia":[{"embeddable":true,"href":"https:\/\/noticiastres.com\/index.php\/wp-json\/wp\/v2\/media\/63728"}],"wp:attachment":[{"href":"https:\/\/noticiastres.com\/index.php\/wp-json\/wp\/v2\/media?parent=63727"}],"wp:term":[{"taxonomy":"category","embeddable":true,"href":"https:\/\/noticiastres.com\/index.php\/wp-json\/wp\/v2\/categories?post=63727"},{"taxonomy":"post_tag","embeddable":true,"href":"https:\/\/noticiastres.com\/index.php\/wp-json\/wp\/v2\/tags?post=63727"}],"curies":[{"name":"wp","href":"https:\/\/api.w.org\/{rel}","templated":true}]}}